{"id":6611,"date":"2025-07-23T17:31:42","date_gmt":"2025-07-23T20:31:42","guid":{"rendered":"https:\/\/www.narrativaradial.com\/sitio\/?p=6611"},"modified":"2026-02-02T13:48:33","modified_gmt":"2026-02-02T16:48:33","slug":"cronicas-sonoras-2","status":"publish","type":"post","link":"https:\/\/www.narrativaradial.com\/sitio\/cronicas-sonoras-2\/","title":{"rendered":"Cr\u00f3nicas sonoras"},"content":{"rendered":"\n<h4 class=\"wp-block-heading\">TALLER PRESENCIAL<\/h4>\n\n\n\n<h3 class=\"wp-block-heading\"><em>\u00abCr\u00f3nicas sonoras. Contar la realidad con la propia voz\u00bb<\/em><strong> <\/strong><\/h3>\n\n\n\n<h3 class=\"wp-block-heading has-cyan-bluish-gray-background-color has-background\"><strong>Pr\u00f3ximamente.<\/strong><\/h3>\n\n\n\n<p><strong><em>Organizado en conjunto por FM La Tribu y Narrativa Radial.<\/em><\/strong><\/p>\n\n\n\n<p>A cargo de Marcelo Cotton (guionista, dramaturgo, productor radial, periodista, docente en comunicaci\u00f3n).<\/p>\n\n\n\n<hr class=\"wp-block-separator has-alpha-channel-opacity\"\/>\n\n\n\n<p><strong>Fundamentos y objetivos:&nbsp;<\/strong><\/p>\n\n\n\n<p>El puntapi\u00e9 inicial de este taller es conectar con la riqueza de la subjetividad a trav\u00e9s de nuestra propia voz y de los sonidos. Es a partir de apreciar el valor de la propia mirada sin prejuicios que se promueve la empat\u00eda y la identificaci\u00f3n en la escucha, que se establece un puente de comunicaci\u00f3n cuyo eje es la vivencia de los hechos, no los datos ni las opiniones. El relato de la realidad a trav\u00e9s de la perspectiva de la vida cotidiana tiene m\u00e1s de com\u00fan, de comuni\u00f3n, de horizontal, que el periodismo convencional. A trav\u00e9s de este taller se incorpora y ejercita una metodolog\u00eda para la creaci\u00f3n de piezas sonoras de periodismo de autor y narrativo para podcast y radio; se profundiza la mirada personal y subjetiva sobre la \u00abrealidad\u00bb a trav\u00e9s del uso de nuestras -y otras- voces y los sonidos para contar y contarnos; a la vez que se van incorporando formas narrativas propias de la cr\u00f3nica narrativa o non-fiction.<\/p>\n\n\n\n<p><strong>Din\u00e1mica:&nbsp;<\/strong><\/p>\n\n\n\n<p>Encuentros presenciales en grupo a trav\u00e9s de los cuales se exponen conceptos del g\u00e9nero y del uso del lenguaje sonoro y se proponen distintas consignas para la creaci\u00f3n de breves relatos sonoros (escritura y grabaci\u00f3n) que se llevar\u00e1n a cabo grabando con la herramienta del tel\u00e9fono m\u00f3vil y tambi\u00e9n en el estudio de FM La Tribu. Se comparten escuchas en grupo en el cual se promueve el intercambio. Luego de cada encuentro se entregar\u00e1 un material escrito de apoyo. Y sobre la \u00faltima parte del taller, se grabar\u00e1 un podcast de cr\u00f3nica por participante en el estudio de la radio.<\/p>\n\n\n\n<p><strong>S\u00edntesis de contenidos:&nbsp;<\/strong><\/p>\n\n\n\n<p>Qu\u00e9 es la cr\u00f3nica narrativa. Caracter\u00edsticas del lenguaje sonoro para el relato vivencial y la recreaci\u00f3n de hechos de la realidad mediante la palabra oral y el sonido. La subjetividad y el rol del sujeto en el periodismo narrativo. Los recuerdos como puente hacia el relato subjetivo. La experiencia y la observaci\u00f3n como ejes en el relato. La oralidad en la escritura. La voz como puente. El valor testimonial de las otras voces. El uso de archivos sonoros y documentos. La entrevista vivencial. Los sonidos como elementos narrativos y escenogr\u00e1ficos. Elementos de ficci\u00f3n. Estructura narrativa. Eje central. Apertura, desarrollo y cierre de una cr\u00f3nica. Realidad y ficci\u00f3n, creadores de imaginarios.&nbsp;<\/p>\n\n\n\n<p><em>Entrega de certificados de asistencia.<\/em><\/p>\n\n\n\n<p>Consultas:<br \/><a href=\"mailto:cursos@narrativaradial.com\">cursos@narrativaradial.com<\/a><\/p>\n\n\n\n<figure class=\"wp-block-embed is-type-video is-provider-youtube wp-block-embed-youtube wp-embed-aspect-16-9 wp-has-aspect-ratio\"><div class=\"wp-block-embed__wrapper\">\n<iframe loading=\"lazy\" title=\"Marcelo Cotton, sobre el podcast narrativo y el taller de cr\u00f3nicas sonoras\" width=\"364\" height=\"205\" src=\"https:\/\/www.youtube.com\/embed\/NaMqLZT_D8k?feature=oembed\" frameborder=\"0\" allow=\"accelerometer; autoplay; clipboard-write; encrypted-media; gyroscope; picture-in-picture; web-share\" referrerpolicy=\"strict-origin-when-cross-origin\" allowfullscreen><\/iframe>\n<\/div><\/figure>\n\n\n\n<hr class=\"wp-block-separator has-alpha-channel-opacity\"\/>\n\n\n\n<p><strong>Inscripci\u00f3n:<\/strong><\/p>\n\n\n\n<ol class=\"wp-block-list\">\n<li>Completar y enviar el formulario de pre-inscripci\u00f3n.<\/li>\n\n\n\n<li>Abonar el arancel.<\/li>\n<\/ol>\n\n\n\n<p>Puedes comenzar completando este formulario de pre-inscripci\u00f3n. De esa forma, reservamos tu vacante por 72 horas hasta abonar el arancel.<\/p>\n\n\n\n<p>FICHA DE PRE-INSCRIPCI\u00d3N.<\/p>\n\n\n<div class=\"wpforms-container wpforms-container-full\" id=\"wpforms-5383\"><form id=\"wpforms-form-5383\" class=\"wpforms-validate wpforms-form\" data-formid=\"5383\" method=\"post\" enctype=\"multipart\/form-data\" action=\"\/sitio\/wp-json\/wp\/v2\/posts\/6611\" data-token=\"0940f8951aa69bd125130ec989cae6b8\" data-token-time=\"1777398098\"><noscript class=\"wpforms-error-noscript\">Por favor, activa JavaScript en tu navegador para completar este formulario.<\/noscript><div class=\"wpforms-field-container\"><div id=\"wpforms-5383-field_1-container\" class=\"wpforms-field wpforms-field-name\" data-field-id=\"1\"><label class=\"wpforms-field-label\">Nombre\/s y Apellido\/s <span class=\"wpforms-required-label\">*<\/span><\/label><div class=\"wpforms-field-row wpforms-field-medium\"><div class=\"wpforms-field-row-block wpforms-first wpforms-one-half\"><input type=\"text\" id=\"wpforms-5383-field_1\" class=\"wpforms-field-name-first wpforms-field-required\" name=\"wpforms[fields][1][first]\" required><label for=\"wpforms-5383-field_1\" class=\"wpforms-field-sublabel after\">Nombre<\/label><\/div><div class=\"wpforms-field-row-block wpforms-one-half\"><input type=\"text\" id=\"wpforms-5383-field_1-last\" class=\"wpforms-field-name-last wpforms-field-required\" name=\"wpforms[fields][1][last]\" required><label for=\"wpforms-5383-field_1-last\" class=\"wpforms-field-sublabel after\">Apellidos<\/label><\/div><\/div><\/div><div id=\"wpforms-5383-field_2-container\" class=\"wpforms-field wpforms-field-text\" data-field-id=\"2\"><label class=\"wpforms-field-label\" for=\"wpforms-5383-field_2\">Fecha y Lugar de Nacimiento <span class=\"wpforms-required-label\">*<\/span><\/label><input type=\"text\" id=\"wpforms-5383-field_2\" class=\"wpforms-field-medium wpforms-field-required\" name=\"wpforms[fields][2]\" required><\/div><div id=\"wpforms-5383-field_3-container\" class=\"wpforms-field wpforms-field-email\" data-field-id=\"3\"><label class=\"wpforms-field-label\" for=\"wpforms-5383-field_3\">Email <span class=\"wpforms-required-label\">*<\/span><\/label><input type=\"email\" id=\"wpforms-5383-field_3\" class=\"wpforms-field-medium wpforms-field-required\" name=\"wpforms[fields][3]\" spellcheck=\"false\" required><\/div><div id=\"wpforms-5383-field_4-container\" class=\"wpforms-field wpforms-field-number\" data-field-id=\"4\"><label class=\"wpforms-field-label\" for=\"wpforms-5383-field_4\">N\u00famero de tel\u00e9fono m\u00f3vil <span class=\"wpforms-required-label\">*<\/span><\/label><input type=\"number\" id=\"wpforms-5383-field_4\" class=\"wpforms-field-medium wpforms-field-required\" name=\"wpforms[fields][4]\" step=\"any\" required><\/div><div id=\"wpforms-5383-field_5-container\" class=\"wpforms-field wpforms-field-text\" data-field-id=\"5\"><label class=\"wpforms-field-label\" for=\"wpforms-5383-field_5\">Lugar de Residencia actual (ciudad, provincia\/estado, pa\u00eds)  <span class=\"wpforms-required-label\">*<\/span><\/label><input type=\"text\" id=\"wpforms-5383-field_5\" class=\"wpforms-field-medium wpforms-field-required\" name=\"wpforms[fields][5]\" required><\/div><div id=\"wpforms-5383-field_6-container\" class=\"wpforms-field wpforms-field-textarea\" data-field-id=\"6\"><label class=\"wpforms-field-label\" for=\"wpforms-5383-field_6\">Si los tienes, \u00bfqu\u00e9 conocimientos\/experiencias previas ten\u00e9s sobre la radio y\/o el podcast?<\/label><textarea id=\"wpforms-5383-field_6\" class=\"wpforms-field-medium\" name=\"wpforms[fields][6]\" ><\/textarea><\/div><div id=\"wpforms-5383-field_7-container\" class=\"wpforms-field wpforms-field-textarea\" data-field-id=\"7\"><label class=\"wpforms-field-label\" for=\"wpforms-5383-field_7\">Si los tienes, \u00bfqu\u00e9 conocimientos\/experiencias previas ten\u00e9s sobre escritura narrativa?<\/label><textarea id=\"wpforms-5383-field_7\" class=\"wpforms-field-medium\" name=\"wpforms[fields][7]\" ><\/textarea><\/div><div id=\"wpforms-5383-field_8-container\" class=\"wpforms-field wpforms-field-textarea\" data-field-id=\"8\"><label class=\"wpforms-field-label\" for=\"wpforms-5383-field_8\">Si los tienes, \u00bfqu\u00e9 conocimientos\/experiencias previas ten\u00e9s sobre periodismo?<\/label><textarea id=\"wpforms-5383-field_8\" class=\"wpforms-field-medium\" name=\"wpforms[fields][8]\" ><\/textarea><\/div><div id=\"wpforms-5383-field_9-container\" class=\"wpforms-field wpforms-field-text\" data-field-id=\"9\"><label class=\"wpforms-field-label\" for=\"wpforms-5383-field_9\">\u00bfC\u00f3mo te enteraste de esta actividad?  <span class=\"wpforms-required-label\">*<\/span><\/label><input type=\"text\" id=\"wpforms-5383-field_9\" class=\"wpforms-field-medium wpforms-field-required\" name=\"wpforms[fields][9]\" required><\/div><div id=\"wpforms-5383-field_10-container\" class=\"wpforms-field wpforms-field-textarea\" data-field-id=\"10\"><label class=\"wpforms-field-label\" for=\"wpforms-5383-field_10\">\u00bfCu\u00e1l es la aplicaci\u00f3n que te interesa darle a los  conocimientos\/herramientas impartidos en este taller? <span class=\"wpforms-required-label\">*<\/span><\/label><textarea id=\"wpforms-5383-field_10\" class=\"wpforms-field-medium wpforms-field-required\" name=\"wpforms[fields][10]\" required><\/textarea><\/div><div id=\"wpforms-5383-field_11-container\" class=\"wpforms-field wpforms-field-text\" data-field-id=\"11\"><label class=\"wpforms-field-label\" for=\"wpforms-5383-field_11\">\u00bfCuentas con posibilidad de grabar tu voz en una grabadora de voz? (de tel\u00e9fono m\u00f3vil u otra)  <span class=\"wpforms-required-label\">*<\/span><\/label><input type=\"text\" id=\"wpforms-5383-field_11\" class=\"wpforms-field-medium wpforms-field-required\" name=\"wpforms[fields][11]\" required><\/div><div id=\"wpforms-5383-field_12-container\" class=\"wpforms-field wpforms-field-text\" data-field-id=\"12\"><label class=\"wpforms-field-label\" for=\"wpforms-5383-field_12\">\u00bfCuentas con alguna posibilidad t\u00e9cnica o capacidad para editar sonido?  <span class=\"wpforms-required-label\">*<\/span><\/label><input type=\"text\" id=\"wpforms-5383-field_12\" class=\"wpforms-field-medium wpforms-field-required\" name=\"wpforms[fields][12]\" required><\/div><div id=\"wpforms-5383-field_13-container\" class=\"wpforms-field wpforms-field-text\" data-field-id=\"13\"><label class=\"wpforms-field-label\" for=\"wpforms-5383-field_13\">\u00bfTienes posibilidad de conectarte con c\u00e1mara y micr\u00f3fono a la plataforma ZOOM para el encuentro semanal?  <span class=\"wpforms-required-label\">*<\/span><\/label><input type=\"text\" id=\"wpforms-5383-field_13\" class=\"wpforms-field-medium wpforms-field-required\" name=\"wpforms[fields][13]\" required><\/div><div id=\"wpforms-5383-field_14-container\" class=\"wpforms-field wpforms-field-textarea\" data-field-id=\"14\"><label class=\"wpforms-field-label\" for=\"wpforms-5383-field_14\">Otros comentarios...<\/label><textarea id=\"wpforms-5383-field_14\" class=\"wpforms-field-medium\" name=\"wpforms[fields][14]\" ><\/textarea><\/div><\/div><!-- .wpforms-field-container --><div class=\"wpforms-field wpforms-field-hp\"><label for=\"wpforms-5383-field-hp\" class=\"wpforms-field-label\">Name<\/label><input type=\"text\" name=\"wpforms[hp]\" id=\"wpforms-5383-field-hp\" class=\"wpforms-field-medium\"><\/div><div class=\"wpforms-submit-container\" ><input type=\"hidden\" name=\"wpforms[id]\" value=\"5383\"><input type=\"hidden\" name=\"page_title\" value=\"\"><input type=\"hidden\" name=\"page_url\" value=\"https:\/\/www.narrativaradial.com\/sitio\/wp-json\/wp\/v2\/posts\/6611\"><input type=\"hidden\" name=\"url_referer\" value=\"\"><button type=\"submit\" name=\"wpforms[submit]\" id=\"wpforms-submit-5383\" class=\"wpforms-submit\" data-alt-text=\"Enviando...\" data-submit-text=\"Enviar formulario\" aria-live=\"assertive\" value=\"wpforms-submit\">Enviar formulario<\/button><\/div><\/form><\/div>  <!-- .wpforms-container -->\n\n\n\n<p><strong>Para completar la inscripci\u00f3n, se realiza el pago de arancel.<\/strong><\/p>\n\n\n\n<p>1) Puedes hacerlo por Mercado Pago con tarjeta de d\u00e9bito, cr\u00e9dito o en estaciones de pago, a trav\u00e9s de los siguientes enlaces:<\/p>\n\n\n\n<p><a href=\"https:\/\/mpago.la\/2weUPj1\">Un pago de ARS. 45.000.- (Una cuota de dos)<\/a> <\/p>\n\n\n\n<p><a href=\"https:\/\/mpago.la\/2rwB3qq\">Un pago de ARS. 75.000.- (Curso completo)<\/a><\/p>\n\n\n\n<p>2) Tambi\u00e9n puedes abonar mediante una transferencia o dep\u00f3sito bancario (pedir datos escribiendo a cursos@narrativaradial.com)<\/p>\n","protected":false},"excerpt":{"rendered":"<p>Taller presencial organizado con FM La Tribu para producir relatos de la realidad desde la narrativa sonora.<\/p>\n","protected":false},"author":3,"featured_media":6624,"comment_status":"closed","ping_status":"open","sticky":false,"template":"","format":"standard","meta":{"_joinchat":[],"footnotes":""},"categories":[2],"tags":[],"class_list":["post-6611","post","type-post","status-publish","format-standard","has-post-thumbnail","hentry","category-audios"],"_links":{"self":[{"href":"https:\/\/www.narrativaradial.com\/sitio\/wp-json\/wp\/v2\/posts\/6611","targetHints":{"allow":["GET"]}}],"collection":[{"href":"https:\/\/www.narrativaradial.com\/sitio\/wp-json\/wp\/v2\/posts"}],"about":[{"href":"https:\/\/www.narrativaradial.com\/sitio\/wp-json\/wp\/v2\/types\/post"}],"author":[{"embeddable":true,"href":"https:\/\/www.narrativaradial.com\/sitio\/wp-json\/wp\/v2\/users\/3"}],"replies":[{"embeddable":true,"href":"https:\/\/www.narrativaradial.com\/sitio\/wp-json\/wp\/v2\/comments?post=6611"}],"version-history":[{"count":10,"href":"https:\/\/www.narrativaradial.com\/sitio\/wp-json\/wp\/v2\/posts\/6611\/revisions"}],"predecessor-version":[{"id":6728,"href":"https:\/\/www.narrativaradial.com\/sitio\/wp-json\/wp\/v2\/posts\/6611\/revisions\/6728"}],"wp:featuredmedia":[{"embeddable":true,"href":"https:\/\/www.narrativaradial.com\/sitio\/wp-json\/wp\/v2\/media\/6624"}],"wp:attachment":[{"href":"https:\/\/www.narrativaradial.com\/sitio\/wp-json\/wp\/v2\/media?parent=6611"}],"wp:term":[{"taxonomy":"category","embeddable":true,"href":"https:\/\/www.narrativaradial.com\/sitio\/wp-json\/wp\/v2\/categories?post=6611"},{"taxonomy":"post_tag","embeddable":true,"href":"https:\/\/www.narrativaradial.com\/sitio\/wp-json\/wp\/v2\/tags?post=6611"}],"curies":[{"name":"wp","href":"https:\/\/api.w.org\/{rel}","templated":true}]}}