{"id":6318,"date":"2024-06-20T22:17:25","date_gmt":"2024-06-21T01:17:25","guid":{"rendered":"https:\/\/www.narrativaradial.com\/sitio\/?p=6318"},"modified":"2024-06-21T13:41:00","modified_gmt":"2024-06-21T16:41:00","slug":"18-tertulia-radioescenica-historias-distopicas","status":"publish","type":"post","link":"https:\/\/www.narrativaradial.com\/sitio\/18-tertulia-radioescenica-historias-distopicas\/","title":{"rendered":"18\u00b0 tertulia radioesc\u00e9nica: \u00abHistorias dist\u00f3picas\u00bb"},"content":{"rendered":"\n<p>El equipo de Narrativa Radial presenta un nuevo encuentro de micr\u00f3fono abierto para contar historias, en forma presencial.<\/p>\n\n\n\n<p>En esta oportunidad, y dado el contexto que vivimos en el pa\u00eds -y en el mundo-, surgi\u00f3 como eje tem\u00e1tico la palabra \u00abdistop\u00eda\u00bb, historias dist\u00f3picas.<\/p>\n\n\n\n<p class=\"has-luminous-vivid-orange-color has-text-color has-link-color wp-elements-8489dad90ea9bde5e9db72cae206aede\"><strong>\u00bfQu\u00e9 es una distop\u00eda?<\/strong><\/p>\n\n\n\n<p>Seg\u00fan el diccionario de la RAE, una distop\u00eda es una \u00ab<em>representaci\u00f3n ficticia de una sociedad futura de caracter\u00edsticas negativas causantes de la alienaci\u00f3n human<\/em>a\u00bb. Y su ant\u00f3nimo es, justamente, la <em>utop\u00eda<\/em>.<\/p>\n\n\n\n<p>Se han escrito historias dist\u00f3picas memorables en la literatura (\u00ab1984\u00bb de George Orwell, \u00abUn mundo feliz\u00bb de Aldous Huxley, entre otras)  y otras fueron llevadas al cine (\u00abMatrix\u00bb, \u00abBrazil\u00bb, \u00abMetr\u00f3polis\u00bb, entre otras).<\/p>\n\n\n\n<p class=\"has-cyan-bluish-gray-background-color has-background\">Las distop\u00edas ofrecen panoramas desoladores en los que el ser humano arruin\u00f3 su existencia o no logra estabilizar la sociedad lo suficiente como para llevar adelante una vida apacible. En general son retratos terribles de una sociedad futura, en los que se deshumaniza a las personas y se experimenta una situaci\u00f3n indeseable, ya sea una\u00a0dictadura perfecta, una\u00a0guerra sin fin o un mundo post-apocal\u00edptico. (Fuente:\u00a0<a href=\"https:\/\/concepto.de\/distopia\/#ixzz8dkCZRQ00\">https:\/\/concepto.de\/distopia\/#ixzz8dkCZRQ00<\/a>)<\/p>\n\n\n\n<figure class=\"wp-block-image size-full\"><img loading=\"lazy\" decoding=\"async\" width=\"1000\" height=\"400\" src=\"https:\/\/www.narrativaradial.com\/sitio\/wp-content\/uploads\/distopia-1.jpg\" alt=\"\" class=\"wp-image-6339\" srcset=\"https:\/\/www.narrativaradial.com\/sitio\/wp-content\/uploads\/distopia-1.jpg 1000w, https:\/\/www.narrativaradial.com\/sitio\/wp-content\/uploads\/distopia-1-300x120.jpg 300w, https:\/\/www.narrativaradial.com\/sitio\/wp-content\/uploads\/distopia-1-768x307.jpg 768w\" sizes=\"auto, (max-width: 1000px) 100vw, 1000px\" \/><\/figure>\n\n\n\n<p><\/p>\n\n\n\n<p>En las \u00faltimas d\u00e9cadas del siglo XX y las primeras del XXI, el relato dist\u00f3pico se convirti\u00f3 en todo un\u00a0g\u00e9nero en s\u00ed mismo, cultivado extensamente en las artes narrativas literarias y audiovisuales.<\/p>\n\n\n\n<p>En general, las distop\u00edas describen la manera de pensar de la \u00e9poca y la sociedad en que fueron escritas, ya que\u00a0encarnan los miedos sociales y pol\u00edticos imperantes. En general, dichos temores tienen que ver con la pol\u00edtica, la tecnolog\u00eda o el desastre ecol\u00f3gico.<\/p>\n\n\n\n<p><strong>Esto significa que una distop\u00eda puede presentar una sociedad totalmente despegada de la actual, o bien proyectar la sociedad actual pero con cambios espec\u00edficos y terribles. <\/strong><\/p>\n\n\n\n<p><\/p>\n\n\n\n<p><\/p>\n\n\n\n<p class=\"has-luminous-vivid-orange-color has-text-color has-link-color wp-elements-2a42ff3bf9548d322087c430e0023e0e\">\u00ab<strong>Historias dist\u00f3picas\u00bb, un disparador para la tertulia del 13 de julio.<\/strong><\/p>\n\n\n\n<p>Desde <a href=\"http:\/\/narrativaradial.com\">Narrativa Radial <\/a>esperamos que la propuesta sea un disparador para la inspiraci\u00f3n, las ganas de compartir historias y\u00a0 -\u00bfpor qu\u00e9 no?- una invitaci\u00f3n para ahuyentar las distop\u00edas y reactivar las utop\u00edas que, aunque tampoco sean reales, como dijo Galeano, sirven para caminar.<\/p>\n\n\n\n<p><\/p>\n\n\n\n<blockquote class=\"wp-block-quote has-text-align-right is-layout-flow wp-block-quote-is-layout-flow\">\n<p class=\"has-text-align-center has-pale-cyan-blue-background-color has-background\"><em>La utop\u00eda est\u00e1 en el horizonte.\u00a0Camino dos pasos, ella se aleja dos pasos y el horizonte se corre diez pasos m\u00e1s all\u00e1.\u00a0Entonces, \u00bfpara qu\u00e9 sirve la utop\u00eda?\u00a0Para eso, sirve para caminar<\/em><\/p>\n<cite>Eduardo Galeano<\/cite><\/blockquote>\n\n\n\n<p>Como es habitual, adem\u00e1s del crisol de relatos que se crea en cada tertulia, habr\u00e1 m\u00fasica en vivo y alguna performance teatral. Todo hilvanado por dos conductores en la mesa y amenizado con las cl\u00e1sicas y deliciosas empanadas (entre otras propuestas gastron\u00f3micas) y el vino de nuestro amigo Luis Minari.<\/p>\n\n\n\n<figure class=\"wp-block-embed is-type-video is-provider-youtube wp-block-embed-youtube wp-embed-aspect-16-9 wp-has-aspect-ratio\"><div class=\"wp-block-embed__wrapper\">\n<iframe loading=\"lazy\" title=\"\u00a1Vuelven las tertulias radioesc\u00e9nicas!\" width=\"364\" height=\"205\" src=\"https:\/\/www.youtube.com\/embed\/zu6AFH2gUZY?feature=oembed\" frameborder=\"0\" allow=\"accelerometer; autoplay; clipboard-write; encrypted-media; gyroscope; picture-in-picture; web-share\" referrerpolicy=\"strict-origin-when-cross-origin\" allowfullscreen><\/iframe>\n<\/div><\/figure>\n\n\n\n<p><\/p>\n\n\n\n<p>La cita es en el Teatro El Popular (Chile 2080 \u2013 Ciudad Aut\u00f3noma de Buenos Aires) el s\u00e1bado 13 de julio de 2024 de 20hs a 23hs.<\/p>\n\n\n\n<p>La capacidad de la sala es limitada. <\/p>\n\n\n\n<p>Para m\u00e1s informaci\u00f3n: info@narrativaradial.com<\/p>\n\n\n\n<figure class=\"wp-block-image size-large\"><img loading=\"lazy\" decoding=\"async\" width=\"1024\" height=\"512\" src=\"https:\/\/www.narrativaradial.com\/sitio\/wp-content\/uploads\/horizontal-tertulias-1024x512.jpg\" alt=\"\" class=\"wp-image-6325\" srcset=\"https:\/\/www.narrativaradial.com\/sitio\/wp-content\/uploads\/horizontal-tertulias-1024x512.jpg 1024w, https:\/\/www.narrativaradial.com\/sitio\/wp-content\/uploads\/horizontal-tertulias-300x150.jpg 300w, https:\/\/www.narrativaradial.com\/sitio\/wp-content\/uploads\/horizontal-tertulias-768x384.jpg 768w, https:\/\/www.narrativaradial.com\/sitio\/wp-content\/uploads\/horizontal-tertulias-1536x768.jpg 1536w, https:\/\/www.narrativaradial.com\/sitio\/wp-content\/uploads\/horizontal-tertulias-2048x1024.jpg 2048w, https:\/\/www.narrativaradial.com\/sitio\/wp-content\/uploads\/horizontal-tertulias-1440x720.jpg 1440w\" sizes=\"auto, (max-width: 1024px) 100vw, 1024px\" \/><\/figure>\n","protected":false},"excerpt":{"rendered":"<p>El s\u00e1bado 13 de julio de 20:30 a 23hs en la Ciudad de Buenos Aires, se llevar\u00e1 a cabo un nuevo encuentro de micr\u00f3fono abierto de relatos.<\/p>\n","protected":false},"author":3,"featured_media":6319,"comment_status":"closed","ping_status":"open","sticky":false,"template":"","format":"standard","meta":{"_joinchat":[],"footnotes":""},"categories":[9,5],"tags":[],"class_list":["post-6318","post","type-post","status-publish","format-standard","has-post-thumbnail","hentry","category-lo-nuevo","category-novedades"],"_links":{"self":[{"href":"https:\/\/www.narrativaradial.com\/sitio\/wp-json\/wp\/v2\/posts\/6318","targetHints":{"allow":["GET"]}}],"collection":[{"href":"https:\/\/www.narrativaradial.com\/sitio\/wp-json\/wp\/v2\/posts"}],"about":[{"href":"https:\/\/www.narrativaradial.com\/sitio\/wp-json\/wp\/v2\/types\/post"}],"author":[{"embeddable":true,"href":"https:\/\/www.narrativaradial.com\/sitio\/wp-json\/wp\/v2\/users\/3"}],"replies":[{"embeddable":true,"href":"https:\/\/www.narrativaradial.com\/sitio\/wp-json\/wp\/v2\/comments?post=6318"}],"version-history":[{"count":18,"href":"https:\/\/www.narrativaradial.com\/sitio\/wp-json\/wp\/v2\/posts\/6318\/revisions"}],"predecessor-version":[{"id":6349,"href":"https:\/\/www.narrativaradial.com\/sitio\/wp-json\/wp\/v2\/posts\/6318\/revisions\/6349"}],"wp:featuredmedia":[{"embeddable":true,"href":"https:\/\/www.narrativaradial.com\/sitio\/wp-json\/wp\/v2\/media\/6319"}],"wp:attachment":[{"href":"https:\/\/www.narrativaradial.com\/sitio\/wp-json\/wp\/v2\/media?parent=6318"}],"wp:term":[{"taxonomy":"category","embeddable":true,"href":"https:\/\/www.narrativaradial.com\/sitio\/wp-json\/wp\/v2\/categories?post=6318"},{"taxonomy":"post_tag","embeddable":true,"href":"https:\/\/www.narrativaradial.com\/sitio\/wp-json\/wp\/v2\/tags?post=6318"}],"curies":[{"name":"wp","href":"https:\/\/api.w.org\/{rel}","templated":true}]}}