{"id":1147,"date":"2014-01-24T15:09:40","date_gmt":"2014-01-24T18:09:40","guid":{"rendered":"http:\/\/www.narrativaradial.com\/sitio\/?p=1147"},"modified":"2018-07-06T20:36:34","modified_gmt":"2018-07-06T23:36:34","slug":"radiocut-una-herramienta-online-para-cortar-audios-de-los-programas","status":"publish","type":"post","link":"https:\/\/www.narrativaradial.com\/sitio\/radiocut-una-herramienta-online-para-cortar-audios-de-los-programas\/","title":{"rendered":"Congreso Internacional de Radioteatro y Ficci\u00f3n Sonora"},"content":{"rendered":"<p><a href=\"http:\/\/www.narrativaradial.com\/sitio\/wp-content\/uploads\/logo-congreso-modificado-08-15.jpg\"><img loading=\"lazy\" decoding=\"async\" class=\"alignnone size-medium wp-image-2214\" src=\"http:\/\/www.narrativaradial.com\/sitio\/wp-content\/uploads\/logo-congreso-modificado-08-15-300x100.jpg\" alt=\"logo congreso modificado 08-15\" width=\"300\" height=\"100\" srcset=\"https:\/\/www.narrativaradial.com\/sitio\/wp-content\/uploads\/logo-congreso-modificado-08-15-300x100.jpg 300w, https:\/\/www.narrativaradial.com\/sitio\/wp-content\/uploads\/logo-congreso-modificado-08-15-600x200.jpg 600w, https:\/\/www.narrativaradial.com\/sitio\/wp-content\/uploads\/logo-congreso-modificado-08-15-1024x341.jpg 1024w, https:\/\/www.narrativaradial.com\/sitio\/wp-content\/uploads\/logo-congreso-modificado-08-15-165x55.jpg 165w, https:\/\/www.narrativaradial.com\/sitio\/wp-content\/uploads\/logo-congreso-modificado-08-15.jpg 1800w\" sizes=\"auto, (max-width: 300px) 100vw, 300px\" \/><\/a><\/p>\n<p>Los d\u00edas 25 y 26 de septiembre de 2015, la ciudad de Buenos Aires ser\u00e1 sede del\u00a0<a href=\"http:\/\/www.teafm.net\/congresoradioteatro\">Congreso Internacional de Radioteatro y Ficci\u00f3n Sonora<\/a>,\u00a0 un encuentro de creaci\u00f3n y experimentaci\u00f3n sonora protagonizado por profesionales, estudiantes de diversos \u00e1mbitos y amantes de la ficci\u00f3n sonora interesados en el desarrollo del g\u00e9nero de la ficci\u00f3n sonora y la dramatizaci\u00f3n radiof\u00f3nica.<\/p>\n<p>El mencionado evento tiene calidad de <em>internacional<\/em> ya que durante el corriente a\u00f1o 2015 es realizado en varias sedes (Madrid, Zaragoza, Oviedo, Valencia, M\u00e9xico DF, Bogot\u00e1, Cali y Buenos Aires) por iniciativa de la escuela creativa de radio TEA FM (<a href=\"http:\/\/www.teafm.net\/\">http:\/\/www.teafm.net\/<\/a>), de Espa\u00f1a, quienes ya han realizado en su pa\u00eds dos anteriores congresos y en esta oportunidad han convocado en las mencionadas ciudades a organizaciones referentes en la materia para realizarlo en forma concatenada, aunque con independencia en la organizaci\u00f3n y los contenidos.<\/p>\n<p>Desde Narrativa Radial y LEAR, han\u00a0tomado el compromiso de producir y organizar en Buenos Aires el evento que convocar\u00e1 a importantes acad\u00e9micos, guionistas, actores, productores, realizadores sonoros, dramaturgos y personalidades de la radio y el arte sonoro de nuestro pa\u00eds para realizar en el mismo, mesas redondas, charlas, puestas sonoras y clases abiertas.<\/p>\n<p>Por otro lado, se realizar\u00e1n intercambios con expertos y experiencias de otras sedes que realizaron el mismo Congreso en sus pa\u00edses, convirtiendo este encuentro en un ejemplo de colaboraci\u00f3n internacional, demostrando las posibilidades reales de este g\u00e9nero que ha atrapado a cientos de millones de oyentes de varias generaciones.<\/p>\n<p>Chuse Fern\u00e1ndez, responsable de TEA FM, Escuela Crestiva de Radio de Zaragoza, Espa\u00f1a, e impulsor de la idea, afirma\u00a0que el congreso\u00a0\u00abse plantea como punto de encuentro de los diferentes medios y creativos que desarrollan en la actualidad piezas de ficci\u00f3n sonora y radioteatro en habla hispana, avanzando en el desarrollo de sinergias creativas alrededor del g\u00e9nero radiof\u00f3nico m\u00e1s importante y rico de la Historia de la Radio\u00bb. \u00a0Y agrega: \u00abDe igual forma se pretende hacer part\u00edcipes a un amplio p\u00fablico de habla hispana diseminado por los cinco continentes, buscando alianzas que posibiliten un enriquecimiento global del encuentro\u00bb.<\/p>\n<p>La organizaci\u00f3n del evento est\u00e1 a cargo de la Asociaci\u00f3n Narrativa Radial junto con LEAR (Laboratorio de Experimentaci\u00f3n de Arte Radiof\u00f3nico) y ya obtuvo el apoyo de ETER (Escuela de Comunicaci\u00f3n), Fundaci\u00f3n SAGAI y FECIC- Fundaci\u00f3n para la Educaci\u00f3n, la Ciencia y la Cultura- (en cuyos auditorios de Moreno 431 CABA se realizar\u00e1 el evento).<\/p>\n<p>La asistencia al congreso ser\u00e1 gratuita pero con inscripci\u00f3n previa. Los interesados podr\u00e1n inscribirse a partir del 25 de agosto comunic\u00e1ndose con Narrativa Radial (<a href=\"http:\/\/www.narrativaradial.ocm\">www.narrativaradial.com<\/a>)<\/p>\n","protected":false},"excerpt":{"rendered":"<p>Un sitio web permite recortar partes de la programaci\u00f3n de distintas radios, descargarlas y compartirlas en redes sociales.<\/p>\n","protected":false},"author":3,"featured_media":0,"comment_status":"closed","ping_status":"open","sticky":false,"template":"","format":"standard","meta":{"_joinchat":[],"footnotes":""},"categories":[5],"tags":[],"class_list":["post-1147","post","type-post","status-publish","format-standard","hentry","category-novedades"],"_links":{"self":[{"href":"https:\/\/www.narrativaradial.com\/sitio\/wp-json\/wp\/v2\/posts\/1147","targetHints":{"allow":["GET"]}}],"collection":[{"href":"https:\/\/www.narrativaradial.com\/sitio\/wp-json\/wp\/v2\/posts"}],"about":[{"href":"https:\/\/www.narrativaradial.com\/sitio\/wp-json\/wp\/v2\/types\/post"}],"author":[{"embeddable":true,"href":"https:\/\/www.narrativaradial.com\/sitio\/wp-json\/wp\/v2\/users\/3"}],"replies":[{"embeddable":true,"href":"https:\/\/www.narrativaradial.com\/sitio\/wp-json\/wp\/v2\/comments?post=1147"}],"version-history":[{"count":3,"href":"https:\/\/www.narrativaradial.com\/sitio\/wp-json\/wp\/v2\/posts\/1147\/revisions"}],"predecessor-version":[{"id":2262,"href":"https:\/\/www.narrativaradial.com\/sitio\/wp-json\/wp\/v2\/posts\/1147\/revisions\/2262"}],"wp:attachment":[{"href":"https:\/\/www.narrativaradial.com\/sitio\/wp-json\/wp\/v2\/media?parent=1147"}],"wp:term":[{"taxonomy":"category","embeddable":true,"href":"https:\/\/www.narrativaradial.com\/sitio\/wp-json\/wp\/v2\/categories?post=1147"},{"taxonomy":"post_tag","embeddable":true,"href":"https:\/\/www.narrativaradial.com\/sitio\/wp-json\/wp\/v2\/tags?post=1147"}],"curies":[{"name":"wp","href":"https:\/\/api.w.org\/{rel}","templated":true}]}}