{"id":6676,"date":"2025-12-29T16:27:34","date_gmt":"2025-12-29T19:27:34","guid":{"rendered":"https:\/\/www.narrativaradial.com\/sitio\/?p=6676"},"modified":"2025-12-29T21:55:18","modified_gmt":"2025-12-30T00:55:18","slug":"a-21-anos-de-cromanon-un-radioteatro","status":"publish","type":"post","link":"http:\/\/www.narrativaradial.com\/sitio\/a-21-anos-de-cromanon-un-radioteatro\/","title":{"rendered":"A 21 a\u00f1os de Croma\u00f1\u00f3n, un radioteatro"},"content":{"rendered":"\n<p><\/p>\n\n\n\n<p>El 30 de diciembre de 2004, un terrible hecho sacudi\u00f3 al pa\u00eds. El estadio \u00abRep\u00fablica de Croma\u00f1\u00f3n\u00bb en el barrio de Once en la Ciudad de Buenos Aires, donde se presentaba el recital de la banda de rock Callejeros, ardi\u00f3 en llamas debido a las bengalas que se encend\u00edan. Las puertas de emergencia estaban cerradas y la cantidad de asistentes exced\u00eda por mucho la capacidad del lugar. Fallecieron 194 personas y muchas otras quedaron con secuelas.<\/p>\n\n\n\n<p>\u00abCuando el Instituto Nacional del Teatro lanz\u00f3 el concurso, se planteaba en las bases que la tem\u00e1tica de los guiones deb\u00edan ser historias del lugar de donde es el autor y fue as\u00ed que me surgi\u00f3 la idea de escribir una ficci\u00f3n alrededor del caso Croma\u00f1\u00f3n\u00bb, dice Patricia Leonardi, autora del radioteatro y parte del staff de Narrativa Radial.<\/p>\n\n\n\n<p>\u00abCuando el guion fue seleccionado, faltaba poco para terminar el gobierno anterior y est\u00e1bamos con una alt\u00edsima inflaci\u00f3n. Por eso, al cobrar el premio (un dinero para la realizaci\u00f3n) ya muy devaluado, contamos con la buena disposici\u00f3n de actores muy talentosos y cercanos a Narrativa Radial con quienes nos propusimos sacar adelante la producci\u00f3n como fuera. Hicimos un convenio con FM La Tribu que puso el estudio y el operador. Y lo hicimos\u00bb<\/p>\n\n\n\n<p>La historia de \u00abAlgo por qu\u00e9 brindar\u00bb cuenta la historia de una familia como cualquiera que, de un d\u00eda para el otro, tuvo que convivir con la tragedia y sacar fuerza de d\u00f3nde no ten\u00edan para superar el trauma y convivir de por vida con eso.<\/p>\n\n\n\n<p>El 30 de diciembre, fecha de aniversario de la masacre, FM La Tribu transmitir\u00e1 la ficci\u00f3n sonora en el marco de un programa especial a las 19hs, al cual se podr\u00e1 asistir en forma presencial en Lambar\u00e9 873.<\/p>\n\n\n\n<p>Posteriormente la obra se podr\u00e1 escuchar por plataformas como <a href=\"https:\/\/open.spotify.com\/show\/0VXDpEtY1Zdf7ht5MfpPkb\">Spotify <\/a>entre otras.<\/p>\n\n\n\n<p><\/p>\n\n\n\n<p class=\"has-text-align-center has-light-green-cyan-background-color has-background\"><strong>ALGO POR QU\u00c9 BRINDAR<\/strong><\/p>\n\n\n\n<p>Int\u00e9rpretes: Lidia Argibay, Bruno Giganti, Fernanda Cantarella, Sergio Ayzemberg, Guadalupe Cuevas, Ornella Fazio y Benja C\u00e1ceres.<\/p>\n\n\n\n<p>Guion: Patricia Leonardi<\/p>\n\n\n\n<p>Direcci\u00f3n: Marcelo Cotton.<\/p>\n\n\n\n<p>Producci\u00f3n: Patricia Leonardi, Gabriela P\u00e9rez Men\u00e9ndez, Laura Bianchi.<\/p>\n\n\n\n<p>Edici\u00f3n: Marcelo Cotton.<\/p>\n\n\n\n<p>Locuci\u00f3n: Guadalupe Cuevas.<\/p>\n\n\n\n<p>Arte de portada: Laura Bianchi.<\/p>\n\n\n\n<p>Producci\u00f3n general: Narrativa Radial.<\/p>\n\n\n\n<p class=\"has-text-align-center has-white-color has-vivid-green-cyan-background-color has-text-color has-background has-link-color wp-elements-b1df83aabd612957db3896c2e235b3c0\"><a href=\"https:\/\/open.spotify.com\/show\/0VXDpEtY1Zdf7ht5MfpPkb\"><strong>Escuchar en Spotify<\/strong><\/a><\/p>\n\n\n\n<p><\/p>\n","protected":false},"excerpt":{"rendered":"<p>Este martes 30 de diciembre de 2025, se estrena en FM La Tribu \u00abAlgo por qu\u00e9 brindar\u00bb, radioteatro cuyo guion, de Patricia Leonardi, fue ganador del concurso \u00abEscenas en sinton\u00eda 2\u00bb del Instituto Nacional del Teatro (2023).<\/p>\n","protected":false},"author":3,"featured_media":6684,"comment_status":"closed","ping_status":"open","sticky":false,"template":"","format":"standard","meta":{"_joinchat":[],"footnotes":""},"categories":[9,5],"tags":[],"class_list":["post-6676","post","type-post","status-publish","format-standard","has-post-thumbnail","hentry","category-lo-nuevo","category-novedades"],"_links":{"self":[{"href":"http:\/\/www.narrativaradial.com\/sitio\/wp-json\/wp\/v2\/posts\/6676","targetHints":{"allow":["GET"]}}],"collection":[{"href":"http:\/\/www.narrativaradial.com\/sitio\/wp-json\/wp\/v2\/posts"}],"about":[{"href":"http:\/\/www.narrativaradial.com\/sitio\/wp-json\/wp\/v2\/types\/post"}],"author":[{"embeddable":true,"href":"http:\/\/www.narrativaradial.com\/sitio\/wp-json\/wp\/v2\/users\/3"}],"replies":[{"embeddable":true,"href":"http:\/\/www.narrativaradial.com\/sitio\/wp-json\/wp\/v2\/comments?post=6676"}],"version-history":[{"count":8,"href":"http:\/\/www.narrativaradial.com\/sitio\/wp-json\/wp\/v2\/posts\/6676\/revisions"}],"predecessor-version":[{"id":6695,"href":"http:\/\/www.narrativaradial.com\/sitio\/wp-json\/wp\/v2\/posts\/6676\/revisions\/6695"}],"wp:featuredmedia":[{"embeddable":true,"href":"http:\/\/www.narrativaradial.com\/sitio\/wp-json\/wp\/v2\/media\/6684"}],"wp:attachment":[{"href":"http:\/\/www.narrativaradial.com\/sitio\/wp-json\/wp\/v2\/media?parent=6676"}],"wp:term":[{"taxonomy":"category","embeddable":true,"href":"http:\/\/www.narrativaradial.com\/sitio\/wp-json\/wp\/v2\/categories?post=6676"},{"taxonomy":"post_tag","embeddable":true,"href":"http:\/\/www.narrativaradial.com\/sitio\/wp-json\/wp\/v2\/tags?post=6676"}],"curies":[{"name":"wp","href":"https:\/\/api.w.org\/{rel}","templated":true}]}}