{"id":6650,"date":"2025-09-04T11:38:28","date_gmt":"2025-09-04T14:38:28","guid":{"rendered":"https:\/\/www.narrativaradial.com\/sitio\/?p=6650"},"modified":"2025-09-04T12:06:37","modified_gmt":"2025-09-04T15:06:37","slug":"22-tertulia-radioescenica-historias-escandalosas","status":"publish","type":"post","link":"http:\/\/www.narrativaradial.com\/sitio\/22-tertulia-radioescenica-historias-escandalosas\/","title":{"rendered":"22\u00b0 tertulia radioesc\u00e9nica:\u00a0\u00abHistorias escandalosas\u00bb"},"content":{"rendered":"\n<p>El equipo de Narrativa Radial presenta un nuevo encuentro de micr\u00f3fono abierto para contar historias, el\u00a0<strong>s\u00e1bado 13 <\/strong>de septiembre en la Ciudad Aut\u00f3noma de Buenos Aires.<\/p>\n\n\n\n<p>En esta oportunidad -y como siempre- intentamos que la tem\u00e1tica sintonice con la \u00e9poca o cierto estado de \u00e1nimo epocal ya sea en el pa\u00eds y\/o en el mundo. Es por eso que surgi\u00f3 como eje tem\u00e1tico \u00ab<strong>historias escandalosas<\/strong>\u00bb.<\/p>\n\n\n\n<p>Los \u00faltimos d\u00edas, meses&#8230; asistimos a noticias que destapan los m\u00e1s diversos esc\u00e1ndalos, ya sea de corrupci\u00f3n, de desprecio por la vida (en sus diversas formas), de intolerancia, entre tantos otros. La palabra que m\u00e1s se escucha en los medios informativos es justamente \u00abesc\u00e1ndalo\u00bb. <\/p>\n\n\n\n<p>Pero esa catarata de noticias de esc\u00e1ndalos d\u00eda tras d\u00eda, puede anestesiarnos la sensibilidad y lograr que naturalicemos muchos de esos hechos basados en injusticias, odio y falta de respeto por la diversidad social que nos compone como sociedad. <\/p>\n\n\n\n<p>Lejos de alentar esa naturalizaci\u00f3n, creemos que contar historias nos permite empatizar con nuestros aspectos sensibles y reflexivos y hacer algo creativo con eso.<\/p>\n\n\n\n<p>Apostamos a que las tem\u00e1ticas sean disparadores para la inspiraci\u00f3n, que abran diversas posibilidades y lecturas, ya sea para escribir, para traer un texto ya escrito o, simplemente, para sentarse a escuchar y disfrutar de los relatos de los dem\u00e1s. <\/p>\n\n\n\n<p>Como es habitual, adem\u00e1s del crisol de relatos al micr\u00f3fono que se crea en cada tertulia -de un m\u00e1ximo de 5 minutos cada uno-, habr\u00e1 m\u00fasica en vivo y alguna performance teatral. Todo hilvanado por dos conductores en la mesa y amenizado con deliciosas empanadas caseras y buen vino.<\/p>\n\n\n\n<p>La cita es en el espacio propio de Narrativa Radial (Quintino Bocayuva 876 BIS\u2013 Zona Almagro-Boedo \u2013 Ciudad Aut\u00f3noma de Buenos Aires) el s\u00e1bado 13 de septiembre de 2025 a las 20hs.<\/p>\n\n\n\n<p>La entrada es gratuita y libre pero est\u00e1 sujeta a la capacidad de la sala.<\/p>\n\n\n\n<p>Para m\u00e1s informaci\u00f3n: info@narrativaradial.com<\/p>\n\n\n\n<figure class=\"wp-block-embed is-type-video is-provider-youtube wp-block-embed-youtube wp-embed-aspect-16-9 wp-has-aspect-ratio\"><div class=\"wp-block-embed__wrapper\">\n<iframe loading=\"lazy\" title=\"\u00a1Vuelven las tertulias radioesc\u00e9nicas!\" width=\"364\" height=\"205\" src=\"https:\/\/www.youtube.com\/embed\/zu6AFH2gUZY?feature=oembed\" frameborder=\"0\" allow=\"accelerometer; autoplay; clipboard-write; encrypted-media; gyroscope; picture-in-picture; web-share\" referrerpolicy=\"strict-origin-when-cross-origin\" allowfullscreen><\/iframe>\n<\/div><\/figure>\n","protected":false},"excerpt":{"rendered":"<p>El s\u00e1bado 13 de septiembre de 20 a 23hs en la Ciudad de Buenos Aires, se llevar\u00e1 a cabo un nuevo encuentro de micr\u00f3fono abierto de relatos.<\/p>\n","protected":false},"author":3,"featured_media":6652,"comment_status":"closed","ping_status":"open","sticky":false,"template":"","format":"standard","meta":{"_joinchat":[],"footnotes":""},"categories":[2],"tags":[],"class_list":["post-6650","post","type-post","status-publish","format-standard","has-post-thumbnail","hentry","category-audios"],"_links":{"self":[{"href":"http:\/\/www.narrativaradial.com\/sitio\/wp-json\/wp\/v2\/posts\/6650","targetHints":{"allow":["GET"]}}],"collection":[{"href":"http:\/\/www.narrativaradial.com\/sitio\/wp-json\/wp\/v2\/posts"}],"about":[{"href":"http:\/\/www.narrativaradial.com\/sitio\/wp-json\/wp\/v2\/types\/post"}],"author":[{"embeddable":true,"href":"http:\/\/www.narrativaradial.com\/sitio\/wp-json\/wp\/v2\/users\/3"}],"replies":[{"embeddable":true,"href":"http:\/\/www.narrativaradial.com\/sitio\/wp-json\/wp\/v2\/comments?post=6650"}],"version-history":[{"count":6,"href":"http:\/\/www.narrativaradial.com\/sitio\/wp-json\/wp\/v2\/posts\/6650\/revisions"}],"predecessor-version":[{"id":6659,"href":"http:\/\/www.narrativaradial.com\/sitio\/wp-json\/wp\/v2\/posts\/6650\/revisions\/6659"}],"wp:featuredmedia":[{"embeddable":true,"href":"http:\/\/www.narrativaradial.com\/sitio\/wp-json\/wp\/v2\/media\/6652"}],"wp:attachment":[{"href":"http:\/\/www.narrativaradial.com\/sitio\/wp-json\/wp\/v2\/media?parent=6650"}],"wp:term":[{"taxonomy":"category","embeddable":true,"href":"http:\/\/www.narrativaradial.com\/sitio\/wp-json\/wp\/v2\/categories?post=6650"},{"taxonomy":"post_tag","embeddable":true,"href":"http:\/\/www.narrativaradial.com\/sitio\/wp-json\/wp\/v2\/tags?post=6650"}],"curies":[{"name":"wp","href":"https:\/\/api.w.org\/{rel}","templated":true}]}}