{"id":6579,"date":"2025-05-26T11:10:49","date_gmt":"2025-05-26T14:10:49","guid":{"rendered":"https:\/\/www.narrativaradial.com\/sitio\/?p=6579"},"modified":"2025-05-26T11:42:18","modified_gmt":"2025-05-26T14:42:18","slug":"21-tertulia-radioescenica-historias-en-blanco-y-negro","status":"publish","type":"post","link":"http:\/\/www.narrativaradial.com\/sitio\/21-tertulia-radioescenica-historias-en-blanco-y-negro\/","title":{"rendered":"21\u00b0 tertulia radioesc\u00e9nica: \u00abHistorias en blanco y negro\u00bb"},"content":{"rendered":"\n<p>El equipo de Narrativa Radial presenta un nuevo encuentro de micr\u00f3fono abierto para contar historias, el <strong>s\u00e1bado 7 de junio<\/strong> en la Ciudad Aut\u00f3noma de Buenos Aires.<\/p>\n\n\n\n<p>En esta oportunidad surgi\u00f3 como eje tem\u00e1tico: \u00ab<strong>historias en blanco y negro<\/strong>\u00bb.<\/p>\n\n\n\n<p>Como siempre, apostamos a que las tem\u00e1ticas sean disparadores para la inspiraci\u00f3n, que abran diversas posibilidades y lecturas. En ese sentido, \u00abhistorias en blanco y negro\u00bb, nos puede llevar, por ejemplo, desde <em>rememorar fotos o pel\u00edculas antiguas <\/em>hasta enfocarnos en el <em>contraste de ver la realidad s\u00f3lo en dos formas contrapuestas<\/em>, pasando por otras tantas posibilidades que nos puede despertar este disparador tem\u00e1tico (ya sea para escribir o para traer un texto ya escrito).<\/p>\n\n\n\n<p><\/p>\n\n\n\n<p>Como es habitual, adem\u00e1s del crisol de relatos al micr\u00f3fono que se crea en cada tertulia -de un m\u00e1ximo de 5 minutos cada uno-, habr\u00e1 m\u00fasica en vivo y alguna performance teatral. Todo hilvanado por dos conductores en la mesa y amenizado con deliciosas empanadas caseras y buen vino.<\/p>\n\n\n\n<p>La cita es en el espacio propio de Narrativa Radial (Quintino Bocayuva 876 BIS\u2013 Zona Almagro-Boedo \u2013 Ciudad Aut\u00f3noma de Buenos Aires) el s\u00e1bado 7 de junio de 2025 a las 20hs.<\/p>\n\n\n\n<p>La entrada es gratuita y libre pero est\u00e1 sujeta a la capacidad de la sala.<\/p>\n\n\n\n<p>Para m\u00e1s informaci\u00f3n: info@narrativaradial.com<\/p>\n\n\n\n<p><\/p>\n\n\n\n<figure class=\"wp-block-embed is-type-video is-provider-youtube wp-block-embed-youtube wp-embed-aspect-16-9 wp-has-aspect-ratio\"><div class=\"wp-block-embed__wrapper\">\n<iframe loading=\"lazy\" title=\"\u00a1Vuelven las tertulias radioesc\u00e9nicas!\" width=\"364\" height=\"205\" src=\"https:\/\/www.youtube.com\/embed\/zu6AFH2gUZY?feature=oembed\" frameborder=\"0\" allow=\"accelerometer; autoplay; clipboard-write; encrypted-media; gyroscope; picture-in-picture; web-share\" referrerpolicy=\"strict-origin-when-cross-origin\" allowfullscreen><\/iframe>\n<\/div><\/figure>\n","protected":false},"excerpt":{"rendered":"<p>El s\u00e1bado 7 de junio de 20 a 23hs en la Ciudad de Buenos Aires, se llevar\u00e1 a cabo un nuevo encuentro de micr\u00f3fono abierto de relatos.<\/p>\n","protected":false},"author":3,"featured_media":6580,"comment_status":"closed","ping_status":"open","sticky":false,"template":"","format":"standard","meta":{"_joinchat":[],"footnotes":""},"categories":[2],"tags":[],"class_list":["post-6579","post","type-post","status-publish","format-standard","has-post-thumbnail","hentry","category-audios"],"_links":{"self":[{"href":"http:\/\/www.narrativaradial.com\/sitio\/wp-json\/wp\/v2\/posts\/6579","targetHints":{"allow":["GET"]}}],"collection":[{"href":"http:\/\/www.narrativaradial.com\/sitio\/wp-json\/wp\/v2\/posts"}],"about":[{"href":"http:\/\/www.narrativaradial.com\/sitio\/wp-json\/wp\/v2\/types\/post"}],"author":[{"embeddable":true,"href":"http:\/\/www.narrativaradial.com\/sitio\/wp-json\/wp\/v2\/users\/3"}],"replies":[{"embeddable":true,"href":"http:\/\/www.narrativaradial.com\/sitio\/wp-json\/wp\/v2\/comments?post=6579"}],"version-history":[{"count":5,"href":"http:\/\/www.narrativaradial.com\/sitio\/wp-json\/wp\/v2\/posts\/6579\/revisions"}],"predecessor-version":[{"id":6587,"href":"http:\/\/www.narrativaradial.com\/sitio\/wp-json\/wp\/v2\/posts\/6579\/revisions\/6587"}],"wp:featuredmedia":[{"embeddable":true,"href":"http:\/\/www.narrativaradial.com\/sitio\/wp-json\/wp\/v2\/media\/6580"}],"wp:attachment":[{"href":"http:\/\/www.narrativaradial.com\/sitio\/wp-json\/wp\/v2\/media?parent=6579"}],"wp:term":[{"taxonomy":"category","embeddable":true,"href":"http:\/\/www.narrativaradial.com\/sitio\/wp-json\/wp\/v2\/categories?post=6579"},{"taxonomy":"post_tag","embeddable":true,"href":"http:\/\/www.narrativaradial.com\/sitio\/wp-json\/wp\/v2\/tags?post=6579"}],"curies":[{"name":"wp","href":"https:\/\/api.w.org\/{rel}","templated":true}]}}