{"id":4937,"date":"2020-08-28T14:57:30","date_gmt":"2020-08-28T17:57:30","guid":{"rendered":"http:\/\/www.narrativaradial.com\/sitio\/?p=4937"},"modified":"2020-08-29T14:11:52","modified_gmt":"2020-08-29T17:11:52","slug":"14-tertulia-radioescenica-para-celebrar-los-100-anos-de-la-radio","status":"publish","type":"post","link":"http:\/\/www.narrativaradial.com\/sitio\/14-tertulia-radioescenica-para-celebrar-los-100-anos-de-la-radio\/","title":{"rendered":"14\u00b0 tertulia radioesc\u00e9nica para celebrar los 100 a\u00f1os de la radio"},"content":{"rendered":"<p>Este s\u00e1bado 29 de agosto, el equipo de Narrativa Radial organiza una nueva \u201cTertulia radioesc\u00e9nica\u201d, encuentro de micr\u00f3fono abierto con motivo del aniversario n\u00famero 100 despu\u00e9s de aquella primera transmisi\u00f3n llevada a cabo el 27 de agosto de 1920 en la terraza del Teatro Coliseo. Como es habitual, en nuestras tertulias, las personas que asisten pueden llevar al micr\u00f3fono un relato (di\u00e1logo, texto, narraci\u00f3n sonora, etc) de no m\u00e1s de 5 minutos, vinculado con el tema disparador en cuesti\u00f3n que, en ese caso, ser\u00e1: \u201cHistorias con la radio\u201c.<\/p>\n<p>En este contexto de aislamiento social al que nos llev\u00f3 la pandemia del COVID-19, y despu\u00e9s de una primera experiencia exitosa, decidimos volver a realizar una tertulia en forma virtual. Haremos una transmisi\u00f3n en vivo mediante una plataforma de streaming que se ver\u00e1 en vivo\u00a0 -y tambi\u00e9n se podr\u00e1 ver en diferido- por la p\u00e1gina de facebook de Narrativa Radial.<\/p>\n<p>\u00abHistorias con la radio\u00bb es una invitaci\u00f3n a contar historias (reales o de ficci\u00f3n) donde la radio haya sido protagonista o haya tenido un rol importante. De esta manera, pretendemos homenajear la historia grande de la radio, a trav\u00e9s de sus peque\u00f1as historias, las que nos atreviesan, las de todos los d\u00edas, cercanas, palpables. Esas historias con la radio, que nos hacen protagonistas a todos, ya sea como oyentes o hacedores. Si hay una caracter\u00edstica distintiva de la radio respecto a otros medios, es su capacidad para sentirla cerca, hacerla propia. Los oyentes nos comunicamos con la radio con una intimidad inusitada que, sin duda, dispara montones de historias que hacen a la historia en may\u00fasculas.<\/p>\n<p>Vale decir que tanto esta como todas las tem\u00e1ticas elegidas para las tertulias se toman de forma amplia y abierta, porque la historias no deben encorsetarse. \u00abHistorias con la radio\u00bb es una invitaci\u00f3n, una intuici\u00f3n disparadora para que vuele la imaginaci\u00f3n.<\/p>\n<p>El resultado de estos encuentros siempre es un crisol de voces, miradas, historias posibles, hilvanado por dos conductores que ir\u00e1n llevando adelante la transmisi\u00f3n. Y esta nueva forma es un motivo para seguir reuni\u00e9ndonos, pasar un buen momento, hacer pr\u00e1ctica para algunos, compartir las historias que nos atraviesan, acompa\u00f1an y reflejan. Y tambi\u00e9n m\u00fasica en vivo y alguna performance teatral (ya que tambi\u00e9n siempre contamos con artistas invitados).<\/p>\n<p>La tertulia en modo virtual (o \u00abvirtulia\u00bb como a alguien del equipo se le ocurri\u00f3 bautizarla), comenzar\u00e1 a las 20 y durar\u00e1 aproximadamete 2 horas. Y se ver\u00e1 desde la <a href=\"https:\/\/www.facebook.com\/Asoc.Narrativa.Radial\">p\u00e1gina de facebook de Narrativa Radial<\/a>.<\/p>\n<p>Quienes quieran participar leyendo, contando, relatando interpretando, deber\u00e1 escribirnos a: info@narrativaradial.com<\/p>\n<p>&nbsp;<\/p>\n<p><img loading=\"lazy\" decoding=\"async\" class=\"wp-image-4941 aligncenter\" src=\"http:\/\/www.narrativaradial.com\/sitio\/wp-content\/uploads\/flyer-tertulia-radio2.jpg\" alt=\"\" width=\"376\" height=\"336\" \/><\/p>\n","protected":false},"excerpt":{"rendered":"<p>El encuentro a micr\u00f3fono abierto se lo dedicamos a nuestras historias con la radio. Ser\u00e1 el s\u00e1bado 29 de agosto a las 20hs y se podr\u00e1 ver desde la p\u00e1gina de facebook de Narrativa Radial.<\/p>\n","protected":false},"author":3,"featured_media":4938,"comment_status":"closed","ping_status":"open","sticky":false,"template":"","format":"standard","meta":{"_joinchat":[],"footnotes":""},"categories":[5],"tags":[],"class_list":["post-4937","post","type-post","status-publish","format-standard","has-post-thumbnail","hentry","category-novedades"],"_links":{"self":[{"href":"http:\/\/www.narrativaradial.com\/sitio\/wp-json\/wp\/v2\/posts\/4937","targetHints":{"allow":["GET"]}}],"collection":[{"href":"http:\/\/www.narrativaradial.com\/sitio\/wp-json\/wp\/v2\/posts"}],"about":[{"href":"http:\/\/www.narrativaradial.com\/sitio\/wp-json\/wp\/v2\/types\/post"}],"author":[{"embeddable":true,"href":"http:\/\/www.narrativaradial.com\/sitio\/wp-json\/wp\/v2\/users\/3"}],"replies":[{"embeddable":true,"href":"http:\/\/www.narrativaradial.com\/sitio\/wp-json\/wp\/v2\/comments?post=4937"}],"version-history":[{"count":7,"href":"http:\/\/www.narrativaradial.com\/sitio\/wp-json\/wp\/v2\/posts\/4937\/revisions"}],"predecessor-version":[{"id":4989,"href":"http:\/\/www.narrativaradial.com\/sitio\/wp-json\/wp\/v2\/posts\/4937\/revisions\/4989"}],"wp:featuredmedia":[{"embeddable":true,"href":"http:\/\/www.narrativaradial.com\/sitio\/wp-json\/wp\/v2\/media\/4938"}],"wp:attachment":[{"href":"http:\/\/www.narrativaradial.com\/sitio\/wp-json\/wp\/v2\/media?parent=4937"}],"wp:term":[{"taxonomy":"category","embeddable":true,"href":"http:\/\/www.narrativaradial.com\/sitio\/wp-json\/wp\/v2\/categories?post=4937"},{"taxonomy":"post_tag","embeddable":true,"href":"http:\/\/www.narrativaradial.com\/sitio\/wp-json\/wp\/v2\/tags?post=4937"}],"curies":[{"name":"wp","href":"https:\/\/api.w.org\/{rel}","templated":true}]}}