{"id":4687,"date":"2020-09-19T15:54:20","date_gmt":"2020-09-19T18:54:20","guid":{"rendered":"http:\/\/www.narrativaradial.com\/sitio\/?p=4687"},"modified":"2020-12-09T23:57:32","modified_gmt":"2020-12-10T02:57:32","slug":"proyecto-urgente-ficcion-por-mensajes-de-voz","status":"publish","type":"post","link":"http:\/\/www.narrativaradial.com\/sitio\/proyecto-urgente-ficcion-por-mensajes-de-voz\/","title":{"rendered":"Proyecto urgente: Ficci\u00f3n por mensajes de voz"},"content":{"rendered":"<p>Una vez dispuesta la cuarentena obligatoria, los integrantes de Narrativa Radial nos pusimos a pensar c\u00f3mo seguir produciendo. As\u00ed surgi\u00f3 este proyecto que involucr\u00f3 a estudiantes del taller de Dramaturgia Radial, Radioteatro y allegados que se entusiasmaron con la posibilidad de encontrarle la vuelta al aislamiento preventivo y obligatorio. Y, a su vez, apoyar estas medidas sumando responsabilidad y compromiso de toda la sociedad para superar el problema.<\/p>\n<p>Entendemos, por otro lado, que la ficci\u00f3n sonora es un lenguaje vers\u00e1til y sobre todo se vuelve muy interesante cuando transita por las limitaciones de recursos. Ya que la imaginaci\u00f3n es la locaci\u00f3n imprescindible para poder llevarse a cabo, nos parece un buen desaf\u00edo -y entrenamiento tanto en t\u00e9rminos de escritura como de interpretaci\u00f3n- tratar de contar mediante la limitaci\u00f3n: el s\u00f3lo recurso de la grabadora de voz en los tel\u00e9fonos m\u00f3viles.<\/p>\n<p>Apenas expuesta la propuesta, comenzaron a presentarse distintos guiones, la mayor\u00eda de ellos ligados a la tem\u00e1tica de la cuarentena justamente, que nos atraviesa en estos momentos como especie humana y, por tanto, genera identificaci\u00f3n instant\u00e1nea.<\/p>\n<p>En este espacio, dejamos para su libre escucha, descarga y difusi\u00f3n, las primeras micro-ficciones del proyecto -que no superan los dos minutos y medio-.<\/p>\n<p>Vale aclarar que el mismo no posee fines de lucro. Que su producci\u00f3n y distribuci\u00f3n es producto de una colaboraci\u00f3n desinteresada de Narrativa Radial y las personas allegadas que lo llevamos adelante, con el objetivo de seguir nutri\u00e9ndonos de creatividad a\u00fan en los momentos m\u00e1s dif\u00edciles; y ,al mismo tiempo, hacer un humilde aporte a la comunidad para no bajar los brazos y ser conscientes de la necesidad de cuidarnos entres tod@s.<\/p>\n<p>&nbsp;<\/p>\n<p>CRONOLOG\u00cdA EFECTO PANDEMIA<\/p>\n<audio class=\"wp-audio-shortcode\" id=\"audio-4687-1\" preload=\"none\" style=\"width: 100%;\" controls=\"controls\"><source type=\"audio\/mpeg\" src=\"http:\/\/narrativaradial.com\/audios\/cronologia-efecto-pandemia.mp3?_=1\" \/><a href=\"http:\/\/narrativaradial.com\/audios\/cronologia-efecto-pandemia.mp3\">http:\/\/narrativaradial.com\/audios\/cronologia-efecto-pandemia.mp3<\/a><\/audio>\n<p>Gui\u00f3n: Marcelo Cotton | Int\u00e9rprete: Fernanda Cantarella.<\/p>\n<p><a href=\"http:\/\/narrativaradial.com\/audios\/cronologia-efecto-pandemia.mp3\">DESCARGAR<\/a><\/p>\n<p>&nbsp;<\/p>\n<p>PAREJAS EN CUARENTENA (CASO 1)<\/p>\n<audio class=\"wp-audio-shortcode\" id=\"audio-4687-2\" preload=\"none\" style=\"width: 100%;\" controls=\"controls\"><source type=\"audio\/mpeg\" src=\"http:\/\/narrativaradial.com\/audios\/pareja-en-cuarentena-1.mp3?_=2\" \/><a href=\"http:\/\/narrativaradial.com\/audios\/pareja-en-cuarentena-1.mp3\">http:\/\/narrativaradial.com\/audios\/pareja-en-cuarentena-1.mp3<\/a><\/audio>\n<p>Gui\u00f3n: Patricia Leonardi | Int\u00e9rpretes: Sergio Aizemberg y Patricia Leonardi.<\/p>\n<p><a href=\"http:\/\/narrativaradial.com\/audios\/pareja-en-cuarentena-1.mp3\">DESCARGAR<\/a><\/p>\n<p>&nbsp;<\/p>\n<p>CUANDO PASE LA PANDEMIA<\/p>\n<audio class=\"wp-audio-shortcode\" id=\"audio-4687-3\" preload=\"none\" style=\"width: 100%;\" controls=\"controls\"><source type=\"audio\/mpeg\" src=\"http:\/\/narrativaradial.com\/audios\/cuando-pase-la-pandemia.mp3?_=3\" \/><a href=\"http:\/\/narrativaradial.com\/audios\/cuando-pase-la-pandemia.mp3\">http:\/\/narrativaradial.com\/audios\/cuando-pase-la-pandemia.mp3<\/a><\/audio>\n<p>Gui\u00f3n: Patricia Crovetto |\u00a0Int\u00e9rpretes: Patricia Crovetto y Juan Esteban Parga.<\/p>\n<p><a href=\"http:\/\/narrativaradial.com\/audios\/cuando-pase-la-pandemia.mp3\">DESCARGAR<\/a><\/p>\n<p>&nbsp;<\/p>\n<p>PAREJAS EN CUARENTENA (CASO 2)<\/p>\n<audio class=\"wp-audio-shortcode\" id=\"audio-4687-4\" preload=\"none\" style=\"width: 100%;\" controls=\"controls\"><source type=\"audio\/mpeg\" src=\"http:\/\/narrativaradial.com\/audios\/pareja-en-cuarentena-2.mp3?_=4\" \/><a href=\"http:\/\/narrativaradial.com\/audios\/pareja-en-cuarentena-2.mp3\">http:\/\/narrativaradial.com\/audios\/pareja-en-cuarentena-2.mp3<\/a><\/audio>\n<p>Gui\u00f3n: Patricia Leonardi | Int\u00e9rpretes: Gabriel Rovito y D\u00e9borah Fideleff.<\/p>\n<p><a href=\"http:\/\/narrativaradial.com\/audios\/pareja-en-cuarentena-2.mp3\">DESCARGAR<\/a><\/p>\n<p>&nbsp;<\/p>\n<p>LA CUARENTENA DE AL LADO<\/p>\n<audio class=\"wp-audio-shortcode\" id=\"audio-4687-5\" preload=\"none\" style=\"width: 100%;\" controls=\"controls\"><source type=\"audio\/mpeg\" src=\"http:\/\/narrativaradial.com\/audios\/la-cuarentena-de-al-lado.mp3?_=5\" \/><a href=\"http:\/\/narrativaradial.com\/audios\/la-cuarentena-de-al-lado.mp3\">http:\/\/narrativaradial.com\/audios\/la-cuarentena-de-al-lado.mp3<\/a><\/audio>\n<p>Gui\u00f3n: Marcelo Cotton | Int\u00e9rprete: Lidia Argibay.<\/p>\n<p><a href=\"http:\/\/narrativaradial.com\/audios\/la-cuarentena-de-al-lado.mp3\">DESCARGAR<\/a><\/p>\n<p>&nbsp;<\/p>\n<p>ANTES DEL APOCALIPSIS<\/p>\n<audio class=\"wp-audio-shortcode\" id=\"audio-4687-6\" preload=\"none\" style=\"width: 100%;\" controls=\"controls\"><source type=\"audio\/mpeg\" src=\"http:\/\/narrativaradial.com\/audios\/antes-del-apocalipsis.mp3?_=6\" \/><a href=\"http:\/\/narrativaradial.com\/audios\/antes-del-apocalipsis.mp3\">http:\/\/narrativaradial.com\/audios\/antes-del-apocalipsis.mp3<\/a><\/audio>\n<p>Gui\u00f3n: Marcelo Cotton | Int\u00e9rpretes: Jer\u00f3nimo Carollo y Juan Cruz C\u00e1rrega.<\/p>\n<p><a href=\"http:\/\/narrativaradial.com\/audios\/antes-del-apocalipsis.mp3\">DESCARGAR<\/a><\/p>\n<p>&nbsp;<\/p>\n<p>EL EXILIO DE LA DOCTORA<\/p>\n<audio class=\"wp-audio-shortcode\" id=\"audio-4687-7\" preload=\"none\" style=\"width: 100%;\" controls=\"controls\"><source type=\"audio\/mpeg\" src=\"http:\/\/narrativaradial.com\/audios\/el-exilio-de-la-doctora.mp3?_=7\" \/><a href=\"http:\/\/narrativaradial.com\/audios\/el-exilio-de-la-doctora.mp3\">http:\/\/narrativaradial.com\/audios\/el-exilio-de-la-doctora.mp3<\/a><\/audio>\n<p>Gui\u00f3n: Patricia Leonardi | Int\u00e9rpretes: Armenia Mart\u00ednez y N\u00e9stor Hidalgo.<\/p>\n<p><a href=\"http:\/\/narrativaradial.com\/audios\/el-exilio-de-la-doctora.mp3\">DESCARGAR<\/a><\/p>\n<p>&nbsp;<\/p>\n<p>PAPEL HIGI\u00c9NICO<\/p>\n<audio class=\"wp-audio-shortcode\" id=\"audio-4687-8\" preload=\"none\" style=\"width: 100%;\" controls=\"controls\"><source type=\"audio\/mpeg\" src=\"http:\/\/narrativaradial.com\/audios\/papel-higienico.mp3?_=8\" \/><a href=\"http:\/\/narrativaradial.com\/audios\/papel-higienico.mp3\">http:\/\/narrativaradial.com\/audios\/papel-higienico.mp3<\/a><\/audio>\n<p>Gui\u00f3n: Patricia Leonardi | Int\u00e9rpretes: Laura Bianchi y Carlos Del R\u00edo<\/p>\n<p><a href=\"http:\/\/narrativaradial.com\/audios\/papel-higienico.mp3\">DESCARGAR<\/a><\/p>\n<p>&nbsp;<\/p>\n<p>NO ESTOY SOLA, ESTOY SOLTERA<\/p>\n<audio class=\"wp-audio-shortcode\" id=\"audio-4687-9\" preload=\"none\" style=\"width: 100%;\" controls=\"controls\"><source type=\"audio\/mpeg\" src=\"http:\/\/narrativaradial.com\/audios\/no-estoy-sola-estoy-soltera.mp3?_=9\" \/><a href=\"http:\/\/narrativaradial.com\/audios\/no-estoy-sola-estoy-soltera.mp3\">http:\/\/narrativaradial.com\/audios\/no-estoy-sola-estoy-soltera.mp3<\/a><\/audio>\n<p>Gui\u00f3n e interpretaci\u00f3n: Romina Sofi<\/p>\n<p><a href=\"http:\/\/narrativaradial.com\/audios\/no-estoy-sola-estoy-soltera.mp3\">DESCARGAR<\/a><\/p>\n<p>&nbsp;<\/p>\n<p>EL MANDADITO<\/p>\n<audio class=\"wp-audio-shortcode\" id=\"audio-4687-10\" preload=\"none\" style=\"width: 100%;\" controls=\"controls\"><source type=\"audio\/mpeg\" src=\"http:\/\/narrativaradial.com\/audios\/el-mandadito.mp3?_=10\" \/><a href=\"http:\/\/narrativaradial.com\/audios\/el-mandadito.mp3\">http:\/\/narrativaradial.com\/audios\/el-mandadito.mp3<\/a><\/audio>\n<p>Gui\u00f3n: Daniel Paccosi | Int\u00e9rpretes: Daniel Paccosi, M\u00f3nica Stricker y Ana Fou<\/p>\n<p><a href=\"http:\/\/narrativaradial.com\/audios\/el-mandadito.mp3\">DESCARGAR<\/a><\/p>\n<p>&nbsp;<\/p>\n<p>RECETA CASERA<\/p>\n<audio class=\"wp-audio-shortcode\" id=\"audio-4687-11\" preload=\"none\" style=\"width: 100%;\" controls=\"controls\"><source type=\"audio\/mpeg\" src=\"http:\/\/narrativaradial.com\/audios\/receta-casera.mp3?_=11\" \/><a href=\"http:\/\/narrativaradial.com\/audios\/receta-casera.mp3\">http:\/\/narrativaradial.com\/audios\/receta-casera.mp3<\/a><\/audio>\n<p>Gui\u00f3n: Guadalupe Cuevas | Int\u00e9rprete: Mauro Pelle<\/p>\n<p><a href=\"http:\/\/narrativaradial.com\/audios\/receta-casera.mp3\">DESCARGAR<\/a><\/p>\n<p>&nbsp;<\/p>\n<p>NO TENGO EL VIRUS<\/p>\n<audio class=\"wp-audio-shortcode\" id=\"audio-4687-12\" preload=\"none\" style=\"width: 100%;\" controls=\"controls\"><source type=\"audio\/mpeg\" src=\"http:\/\/narrativaradial.com\/audios\/no-tengo-el-virus.mp3?_=12\" \/><a href=\"http:\/\/narrativaradial.com\/audios\/no-tengo-el-virus.mp3\">http:\/\/narrativaradial.com\/audios\/no-tengo-el-virus.mp3<\/a><\/audio>\n<p>Gui\u00f3n: Patricia Leonardi | Int\u00e9rprete: Guadalupe Cuevas<\/p>\n<p><a href=\"http:\/\/narrativaradial.com\/audios\/no-tengo-el-virus.mp3\">DESCARGAR<\/a><\/p>\n<p>&nbsp;<\/p>\n<p>ANIMAL DE COSTUMBRE<\/p>\n<audio class=\"wp-audio-shortcode\" id=\"audio-4687-13\" preload=\"none\" style=\"width: 100%;\" controls=\"controls\"><source type=\"audio\/mpeg\" src=\"http:\/\/narrativaradial.com\/audios\/animal-de-costumbre.mp3?_=13\" \/><a href=\"http:\/\/narrativaradial.com\/audios\/animal-de-costumbre.mp3\">http:\/\/narrativaradial.com\/audios\/animal-de-costumbre.mp3<\/a><\/audio>\n<p>Gui\u00f3n: Marcelo Cotton | Int\u00e9rprete: Gustavo Mas\u00f3<\/p>\n<p><a href=\"http:\/\/narrativaradial.com\/audios\/animal-de-costumbre.mp3\">DESCARGAR<\/a><\/p>\n<p>&nbsp;<\/p>\n<p>ALAS PARA VOLAR<\/p>\n<audio class=\"wp-audio-shortcode\" id=\"audio-4687-14\" preload=\"none\" style=\"width: 100%;\" controls=\"controls\"><source type=\"audio\/mpeg\" src=\"http:\/\/narrativaradial.com\/audios\/alas-para-volar.mp3?_=14\" \/><a href=\"http:\/\/narrativaradial.com\/audios\/alas-para-volar.mp3\">http:\/\/narrativaradial.com\/audios\/alas-para-volar.mp3<\/a><\/audio>\n<p>Gui\u00f3n: Ariel Levenberg | Int\u00e9rpretes: Cristina Sallesses y Ariel Levenberg<\/p>\n<p><a href=\"http:\/\/narrativaradial.com\/audios\/alas-para-volar.mp3\">DESCARGAR<\/a><\/p>\n<p>&nbsp;<\/p>\n<p>\u00bfQU\u00c9 PASA EN ESTE GRUPO?<\/p>\n<audio class=\"wp-audio-shortcode\" id=\"audio-4687-15\" preload=\"none\" style=\"width: 100%;\" controls=\"controls\"><source type=\"audio\/mpeg\" src=\"http:\/\/narrativaradial.com\/audios\/que-pasa-en-este-grupo.mp3?_=15\" \/><a href=\"http:\/\/narrativaradial.com\/audios\/que-pasa-en-este-grupo.mp3\">http:\/\/narrativaradial.com\/audios\/que-pasa-en-este-grupo.mp3<\/a><\/audio>\n<p>Idea, producci\u00f3n y edici\u00f3n: Majo Bustamante | Gui\u00f3n: Patricia Leonardi | Int\u00e9rpretes:\u00a0Gabriela Medina, Valeria Choque,\u00a0 Lucia Bourel,\u00a0Gustavo Verdun, Federico Corbal\u00e1n y Diego Barrera<\/p>\n<p><a href=\"http:\/\/narrativaradial.com\/audios\/que-pasa-en-este-grupo.mp3\">DESCARGAR<\/a><\/p>\n<p>&nbsp;<\/p>\n<p>ANTICUARENTENA<\/p>\n<audio class=\"wp-audio-shortcode\" id=\"audio-4687-16\" preload=\"none\" style=\"width: 100%;\" controls=\"controls\"><source type=\"audio\/mpeg\" src=\"http:\/\/narrativaradial.com\/audios\/anticuarentena.mp3?_=16\" \/><a href=\"http:\/\/narrativaradial.com\/audios\/anticuarentena.mp3\">http:\/\/narrativaradial.com\/audios\/anticuarentena.mp3<\/a><\/audio>\n<p>Gui\u00f3n: Patricia Leonardi | Int\u00e9rprete: Fernanda Cantarella<\/p>\n<p><a href=\"http:\/\/narrativaradial.com\/audios\/anticuarentena.mp3\">DESCARGAR<\/a><\/p>\n<p>&nbsp;<\/p>\n<p>ATRAVESAR POR SOBRE TODO<\/p>\n<audio class=\"wp-audio-shortcode\" id=\"audio-4687-17\" preload=\"none\" style=\"width: 100%;\" controls=\"controls\"><source type=\"audio\/mpeg\" src=\"http:\/\/narrativaradial.com\/audios\/atravesar-por-sobre-todo.mp3?_=17\" \/><a href=\"http:\/\/narrativaradial.com\/audios\/atravesar-por-sobre-todo.mp3\">http:\/\/narrativaradial.com\/audios\/atravesar-por-sobre-todo.mp3<\/a><\/audio>\n<p>Gui\u00f3n: Marcelo Cotton | Int\u00e9rpretes: Lina De Simone y Marcelo Cotton<\/p>\n<p><a href=\"http:\/\/narrativaradial.com\/audios\/atravesar-por-sobre-todo.mp3\">DESCARGAR<\/a><\/p>\n<p>&nbsp;<\/p>\n<p>PREGUNTA LO QUE QUIERAS<\/p>\n<audio class=\"wp-audio-shortcode\" id=\"audio-4687-18\" preload=\"none\" style=\"width: 100%;\" controls=\"controls\"><source type=\"audio\/mpeg\" src=\"http:\/\/narrativaradial.com\/audios\/pregunta-lo-que-quieras.mp3?_=18\" \/><a href=\"http:\/\/narrativaradial.com\/audios\/pregunta-lo-que-quieras.mp3\">http:\/\/narrativaradial.com\/audios\/pregunta-lo-que-quieras.mp3<\/a><\/audio>\n<p>Gui\u00f3n: Marcelo Cotton | Int\u00e9rpretes: Miguel Forza de Paul, Carina Conti y Lua Cotton.<\/p>\n<p><a href=\"http:\/\/narrativaradial.com\/audios\/pregunta-lo-que-quieras.mp3\">DESCARGAR<\/a><\/p>\n<p>&nbsp;<\/p>\n<p>LUN\u00c1TICOS<\/p>\n<audio class=\"wp-audio-shortcode\" id=\"audio-4687-19\" preload=\"none\" style=\"width: 100%;\" controls=\"controls\"><source type=\"audio\/mpeg\" src=\"http:\/\/narrativaradial.com\/audios\/lunaticos.mp3?_=19\" \/><a href=\"http:\/\/narrativaradial.com\/audios\/lunaticos.mp3\">http:\/\/narrativaradial.com\/audios\/lunaticos.mp3<\/a><\/audio>\n<p>Gui\u00f3n: Daniel Paccosi |\u00a0Int\u00e9rpretes: Daniel Paccosi, M\u00f3nica Stricker y Fito Yannelli.<\/p>\n<p><a href=\"http:\/\/narrativaradial.com\/audios\/lunaticos.mp3\">DESCARGAR<\/a><\/p>\n<p>&nbsp;<\/p>\n<p>UNA MESA, UNA CAMA<\/p>\n<audio class=\"wp-audio-shortcode\" id=\"audio-4687-20\" preload=\"none\" style=\"width: 100%;\" controls=\"controls\"><source type=\"audio\/mpeg\" src=\"http:\/\/narrativaradial.com\/audios\/una-mesa-una-cama.mp3?_=20\" \/><a href=\"http:\/\/narrativaradial.com\/audios\/una-mesa-una-cama.mp3\">http:\/\/narrativaradial.com\/audios\/una-mesa-una-cama.mp3<\/a><\/audio>\n<p>Gui\u00f3n: Patricia Leonardi | Int\u00e9rpretes: Ana Mar\u00eda Alvarez Lage y Jer\u00f3nimo Carollo.<\/p>\n<p><a href=\"http:\/\/narrativaradial.com\/audios\/una-mesa-una-cama.mp3\">DESCARGAR<\/a><\/p>\n<p>&nbsp;<\/p>\n<p>LUN\u00c1TICOS (segunda parte)<\/p>\n<audio class=\"wp-audio-shortcode\" id=\"audio-4687-21\" preload=\"none\" style=\"width: 100%;\" controls=\"controls\"><source type=\"audio\/mpeg\" src=\"http:\/\/narrativaradial.com\/audios\/lunaticos-2.mp3?_=21\" \/><a href=\"http:\/\/narrativaradial.com\/audios\/lunaticos-2.mp3\">http:\/\/narrativaradial.com\/audios\/lunaticos-2.mp3<\/a><\/audio>\n<p>Gui\u00f3n: Daniel Paccosi | Int\u00e9rpretes: Fito Yannelli, B\u00e1rbara N\u00f3bile, Andrea Giase y Daniel Paccosi.<\/p>\n<p><a href=\"http:\/\/narrativaradial.com\/audios\/lunaticos-2.mp3\"><b>DESCARGAR<\/b><\/a><\/p>\n","protected":false},"excerpt":{"rendered":"<p>Para pasar la cuarentena por el COVID-19, Narrativa Radial impulsa este proyecto para seguir contando historias sonoras con lo que tenemos en casa.<\/p>\n","protected":false},"author":3,"featured_media":4690,"comment_status":"closed","ping_status":"open","sticky":false,"template":"","format":"standard","meta":{"_joinchat":[],"footnotes":""},"categories":[5],"tags":[],"class_list":["post-4687","post","type-post","status-publish","format-standard","has-post-thumbnail","hentry","category-novedades"],"_links":{"self":[{"href":"http:\/\/www.narrativaradial.com\/sitio\/wp-json\/wp\/v2\/posts\/4687","targetHints":{"allow":["GET"]}}],"collection":[{"href":"http:\/\/www.narrativaradial.com\/sitio\/wp-json\/wp\/v2\/posts"}],"about":[{"href":"http:\/\/www.narrativaradial.com\/sitio\/wp-json\/wp\/v2\/types\/post"}],"author":[{"embeddable":true,"href":"http:\/\/www.narrativaradial.com\/sitio\/wp-json\/wp\/v2\/users\/3"}],"replies":[{"embeddable":true,"href":"http:\/\/www.narrativaradial.com\/sitio\/wp-json\/wp\/v2\/comments?post=4687"}],"version-history":[{"count":45,"href":"http:\/\/www.narrativaradial.com\/sitio\/wp-json\/wp\/v2\/posts\/4687\/revisions"}],"predecessor-version":[{"id":5115,"href":"http:\/\/www.narrativaradial.com\/sitio\/wp-json\/wp\/v2\/posts\/4687\/revisions\/5115"}],"wp:featuredmedia":[{"embeddable":true,"href":"http:\/\/www.narrativaradial.com\/sitio\/wp-json\/wp\/v2\/media\/4690"}],"wp:attachment":[{"href":"http:\/\/www.narrativaradial.com\/sitio\/wp-json\/wp\/v2\/media?parent=4687"}],"wp:term":[{"taxonomy":"category","embeddable":true,"href":"http:\/\/www.narrativaradial.com\/sitio\/wp-json\/wp\/v2\/categories?post=4687"},{"taxonomy":"post_tag","embeddable":true,"href":"http:\/\/www.narrativaradial.com\/sitio\/wp-json\/wp\/v2\/tags?post=4687"}],"curies":[{"name":"wp","href":"https:\/\/api.w.org\/{rel}","templated":true}]}}