{"id":4297,"date":"2019-11-01T11:32:53","date_gmt":"2019-11-01T14:32:53","guid":{"rendered":"http:\/\/www.narrativaradial.com\/sitio\/?p=4297"},"modified":"2019-11-01T11:32:53","modified_gmt":"2019-11-01T14:32:53","slug":"el-miedo-de-ara","status":"publish","type":"post","link":"http:\/\/www.narrativaradial.com\/sitio\/el-miedo-de-ara\/","title":{"rendered":"El miedo de Ara"},"content":{"rendered":"<p><strong>Intent\u00f3 revertir una historia de abandono y se encontr\u00f3 con otro. La historia de una mujer, muy joven. Y de muchas otras tantas\u2026<\/strong><!--more--><\/p>\n<p><strong>T\u00edtulo:\u00a0<\/strong>El miedo de Ara.<br \/>\n<strong>G\u00e9nero<\/strong>: Drama.<br \/>\n<strong>Duraci\u00f3n<\/strong>: 08:43<br \/>\n<strong>Cr\u00e9ditos<\/strong>: Pablo Roselli y Liliana Brailovsky (int\u00e9rpretes), Ana Ferrer (gui\u00f3n), Marcelo Cotton y Lidia Argibay (direcci\u00f3n de actores), Gabriela P\u00e9rez Men\u00e9ndez (asistente de producci\u00f3n), Guadalupe Cuevas (locuci\u00f3n), Adolfo Schmidt (grabaci\u00f3n en estudio), Marcelo Cotton (edici\u00f3n).<\/p>\n<audio class=\"wp-audio-shortcode\" id=\"audio-4297-1\" preload=\"none\" style=\"width: 100%;\" controls=\"controls\"><source type=\"audio\/mpeg\" src=\"http:\/\/narrativaradial.com\/audios\/el-miedo-de-ara.mp3?_=1\" \/><a href=\"http:\/\/narrativaradial.com\/audios\/el-miedo-de-ara.mp3\">http:\/\/narrativaradial.com\/audios\/el-miedo-de-ara.mp3<\/a><\/audio>\n","protected":false},"excerpt":{"rendered":"<p>Intent\u00f3 revertir una historia de abandono y se encontr\u00f3 con otro. La historia de una mujer, muy joven. Y de muchas otras tantas\u2026<\/p>\n","protected":false},"author":3,"featured_media":4298,"comment_status":"closed","ping_status":"open","sticky":false,"template":"","format":"standard","meta":{"_joinchat":[],"footnotes":""},"categories":[2],"tags":[],"class_list":["post-4297","post","type-post","status-publish","format-standard","has-post-thumbnail","hentry","category-audios"],"_links":{"self":[{"href":"http:\/\/www.narrativaradial.com\/sitio\/wp-json\/wp\/v2\/posts\/4297","targetHints":{"allow":["GET"]}}],"collection":[{"href":"http:\/\/www.narrativaradial.com\/sitio\/wp-json\/wp\/v2\/posts"}],"about":[{"href":"http:\/\/www.narrativaradial.com\/sitio\/wp-json\/wp\/v2\/types\/post"}],"author":[{"embeddable":true,"href":"http:\/\/www.narrativaradial.com\/sitio\/wp-json\/wp\/v2\/users\/3"}],"replies":[{"embeddable":true,"href":"http:\/\/www.narrativaradial.com\/sitio\/wp-json\/wp\/v2\/comments?post=4297"}],"version-history":[{"count":1,"href":"http:\/\/www.narrativaradial.com\/sitio\/wp-json\/wp\/v2\/posts\/4297\/revisions"}],"predecessor-version":[{"id":4299,"href":"http:\/\/www.narrativaradial.com\/sitio\/wp-json\/wp\/v2\/posts\/4297\/revisions\/4299"}],"wp:featuredmedia":[{"embeddable":true,"href":"http:\/\/www.narrativaradial.com\/sitio\/wp-json\/wp\/v2\/media\/4298"}],"wp:attachment":[{"href":"http:\/\/www.narrativaradial.com\/sitio\/wp-json\/wp\/v2\/media?parent=4297"}],"wp:term":[{"taxonomy":"category","embeddable":true,"href":"http:\/\/www.narrativaradial.com\/sitio\/wp-json\/wp\/v2\/categories?post=4297"},{"taxonomy":"post_tag","embeddable":true,"href":"http:\/\/www.narrativaradial.com\/sitio\/wp-json\/wp\/v2\/tags?post=4297"}],"curies":[{"name":"wp","href":"https:\/\/api.w.org\/{rel}","templated":true}]}}