{"id":3465,"date":"2018-07-26T20:09:38","date_gmt":"2018-07-26T23:09:38","guid":{"rendered":"http:\/\/www.narrativaradial.com\/sitio\/?p=3465"},"modified":"2026-08-27T12:17:46","modified_gmt":"2026-08-27T15:17:46","slug":"proximos-cursos-y-talleres-interpretacion-de-radioteatro-dramaturgia-radial-lectura-expresiva","status":"publish","type":"post","link":"http:\/\/www.narrativaradial.com\/sitio\/proximos-cursos-y-talleres-interpretacion-de-radioteatro-dramaturgia-radial-lectura-expresiva\/","title":{"rendered":"Pr\u00f3ximos cursos y talleres"},"content":{"rendered":"<h4 align=\"center\"><a href=\"https:\/\/www.narrativaradial.com\/sitio\/creacion-de-radioteatros-herramientas-teorico-practicas-2\/\"><b>INT<\/b><b>RODUCCI\u00d3N AL RADIOTEATRO<\/b><\/a><\/h4>\n<p align=\"center\"><span style=\"color: #999999;\">Taller virtual | <b>Inicio: 24 de agosto<\/b><\/span><\/p>\n<h4 align=\"center\"><a href=\"https:\/\/www.narrativaradial.com\/sitio\/taller-de-radioteatro\/\">INTERPRETACI\u00d3N DE RADIOTEATRO Y FICCI\u00d3N SONORA<\/a><\/h4>\n<p align=\"center\"><span style=\"color: #999999;\">Taller presencial | <b>Inicio: 15 de septiembre<\/b><\/span><\/p>\n<h4 align=\"center\"><a href=\"http:\/\/www.narrativaradial.com\/sitio\/guion-de-ficcion-para-podcast\/\"><b>GUION DE FICCI\u00d3N SONORA<\/b><\/a><\/h4>\n<p align=\"center\"><span style=\"color: #999999;\">Curso a distancia | <b>Inicio: 17 de septiembre<\/b><\/span><\/p>\n<h4 align=\"center\"><a href=\"http:\/\/www.narrativaradial.com\/sitio\/lectura-expresiva-en-modo-virtual\/\"><b>LECTURA EXPRESIVA<\/b><\/a><\/h4>\n<p align=\"center\"><span style=\"color: #999999;\">Taller virtual | <b>Inicio: 7 de octubre<\/b><\/span><\/p>\n<p align=\"center\">&#8230;&#8230;&#8230;&#8230;&#8230;&#8230;&#8230;&#8230;&#8230;&#8230;.<\/p>\n<h4 align=\"center\"><a href=\"http:\/\/www.narrativaradial.com\/sitio\/quiero-hacer-un-curso\/\"><b>SI A\u00daN NO SABES QU\u00c9 CURSO HACER&#8230;\u00a0<\/b><\/a><\/h4>\n<p align=\"center\"><a href=\"http:\/\/www.narrativaradial.com\/sitio\/quiero-hacer-un-curso\/\"><span style=\"color: #999999;\">Completa esta breve encuesta<\/span><\/a><\/p>\n<p align=\"center\">&#8230;&#8230;&#8230;&#8230;&#8230;&#8230;&#8230;&#8230;&#8230;&#8230;.<\/p>\n<p align=\"center\">Informes: cursos@narrativaradial.com<\/p>\n","protected":false},"excerpt":{"rendered":"<p>INTRODUCCI\u00d3N AL RADIOTEATRO Taller virtual | Inicio: 24 de agosto INTERPRETACI\u00d3N DE RADIOTEATRO Y FICCI\u00d3N SONORA Taller presencial | Inicio: 15 de septiembre GUION DE FICCI\u00d3N SONORA Curso a distancia | Inicio: 17 de septiembre LECTURA EXPRESIVA Taller virtual | Inicio: 7 de octubre &#8230;&#8230;&#8230;&#8230;&#8230;&#8230;&#8230;&#8230;&#8230;&#8230;. SI A\u00daN NO SABES QU\u00c9 &hellip;<\/p>\n","protected":false},"author":3,"featured_media":3320,"comment_status":"closed","ping_status":"open","sticky":true,"template":"","format":"standard","meta":{"_joinchat":[],"footnotes":""},"categories":[1],"tags":[],"class_list":["post-3465","post","type-post","status-publish","format-standard","has-post-thumbnail","hentry","category-cursos-y-talleres"],"_links":{"self":[{"href":"http:\/\/www.narrativaradial.com\/sitio\/wp-json\/wp\/v2\/posts\/3465","targetHints":{"allow":["GET"]}}],"collection":[{"href":"http:\/\/www.narrativaradial.com\/sitio\/wp-json\/wp\/v2\/posts"}],"about":[{"href":"http:\/\/www.narrativaradial.com\/sitio\/wp-json\/wp\/v2\/types\/post"}],"author":[{"embeddable":true,"href":"http:\/\/www.narrativaradial.com\/sitio\/wp-json\/wp\/v2\/users\/3"}],"replies":[{"embeddable":true,"href":"http:\/\/www.narrativaradial.com\/sitio\/wp-json\/wp\/v2\/comments?post=3465"}],"version-history":[{"count":232,"href":"http:\/\/www.narrativaradial.com\/sitio\/wp-json\/wp\/v2\/posts\/3465\/revisions"}],"predecessor-version":[{"id":6852,"href":"http:\/\/www.narrativaradial.com\/sitio\/wp-json\/wp\/v2\/posts\/3465\/revisions\/6852"}],"wp:featuredmedia":[{"embeddable":true,"href":"http:\/\/www.narrativaradial.com\/sitio\/wp-json\/wp\/v2\/media\/3320"}],"wp:attachment":[{"href":"http:\/\/www.narrativaradial.com\/sitio\/wp-json\/wp\/v2\/media?parent=3465"}],"wp:term":[{"taxonomy":"category","embeddable":true,"href":"http:\/\/www.narrativaradial.com\/sitio\/wp-json\/wp\/v2\/categories?post=3465"},{"taxonomy":"post_tag","embeddable":true,"href":"http:\/\/www.narrativaradial.com\/sitio\/wp-json\/wp\/v2\/tags?post=3465"}],"curies":[{"name":"wp","href":"https:\/\/api.w.org\/{rel}","templated":true}]}}