{"id":1932,"date":"2019-12-17T07:43:27","date_gmt":"2019-12-17T10:43:27","guid":{"rendered":"http:\/\/www.narrativaradial.com\/sitio\/?p=1932"},"modified":"2021-04-06T12:06:47","modified_gmt":"2021-04-06T15:06:47","slug":"cursos-especiales-a-coordinar-con-instituciones-locales","status":"publish","type":"post","link":"http:\/\/www.narrativaradial.com\/sitio\/cursos-especiales-a-coordinar-con-instituciones-locales\/","title":{"rendered":"Cursos especiales a instituciones y grupos"},"content":{"rendered":"<p>SEMINARIOS Y TALLERES INTENSIVOS PARA EL INTERIOR DEL PA\u00cdS<\/p>\n<p>En articulaci\u00f3n con instituciones locales.<\/p>\n<p>Narrativa Radial (centro de formaci\u00f3n, est\u00edmulo, y creaci\u00f3n del relato en audio), ofrece un conjunto de cursos de capacitaci\u00f3n con el objetivo de cubrir las necesidades comunicacionales que experimentan las distintas comunidades, empresas e instituciones.<\/p>\n<ul>\n<li>SEMINARIO DE RELATOS RADIOF\u00d3NICOS<\/li>\n<li>SEMINARIO DE PERIODISMO NARRATIVO EN RADIO<\/li>\n<li>TALLER DE RADIOTEATRO (ESCRITURA E INTERPRETACION)<\/li>\n<li>TALLER DE LOCUCION Y TECNICAS EXPRESIVAS DE LA VOZ<\/li>\n<li>Y OTROS.<\/li>\n<\/ul>\n<p>REQUERIMIENTOS.<\/p>\n<p>Aquellas instituciones o grupos que quieran solicitar la realizaci\u00f3n de estos cursos deber\u00e1n enviar un correo electr\u00f3nico a <a href=\"mailto:cursos@www.narrativaradial.com\">cursos@narrativaradial.com<\/a> en el que se especifique las necesidades y el perfil de los asistentes a\u00a0fin de poder elaborar una\u00a0propuesta.<\/p>\n<p>Algunos de los cursos realizados en instituciones y grupos:<\/p>\n<p>Taller de Radioteatro para ni\u00f1@s &#8211; Biblioteca La Nube (CABA) &#8211; 2012<\/p>\n<p>Curso de Periodismo Narrativo en Radio\u00a0 &#8211;\u00a0 FM La Calle (Radio comunitaria) (Bah\u00eda Blanca) &#8211; 2012<\/p>\n<p>Curso de Ficci\u00f3n en Radio &#8211; Universidad Nacional de Rosario &#8211; (Rosario) &#8211; 2011<\/p>\n<p>Taller Intensivo de Introducci\u00f3n a la Narrativa Radial &#8211; Universidad Nacional de Quilmes &#8211; (Quilmes, Bs As) &#8211; 2013<\/p>\n<p>Curso de Recursos de Ficci\u00f3n para capacitadores en Radios Comunitarias &#8211; Defensor\u00eda del P\u00fablico (CABA) &#8211; 2018<\/p>\n<p>Curso para la Producci\u00f3n de Podcast &#8211; Programa \u00abAprender Salud Radio\u00bb del Hospital Italiano de Buenos Aires &#8211; 2019<\/p>\n<p>Taller de Gui\u00f3n y Lenguaje de Radioteatro para Grupo de Teatro Comunitario \u00abAc\u00e1 estamos\u00bb (Castelli &#8211;\u00a0 Prov. Bs As) &#8211; 2021<\/p>\n<p>&nbsp;<\/p>\n<p>&nbsp;<\/p>\n","protected":false},"excerpt":{"rendered":"<p>Cursos de capacitaci\u00f3n con el objetivo de cubrir las necesidades comunicacionales que experimentan las distintas comunidades.<\/p>\n","protected":false},"author":3,"featured_media":3329,"comment_status":"closed","ping_status":"open","sticky":false,"template":"","format":"standard","meta":{"_joinchat":[],"footnotes":""},"categories":[1,40],"tags":[27],"class_list":["post-1932","post","type-post","status-publish","format-standard","has-post-thumbnail","hentry","category-cursos-y-talleres","category-servicios","tag-abierta-la-inscripcion"],"_links":{"self":[{"href":"http:\/\/www.narrativaradial.com\/sitio\/wp-json\/wp\/v2\/posts\/1932","targetHints":{"allow":["GET"]}}],"collection":[{"href":"http:\/\/www.narrativaradial.com\/sitio\/wp-json\/wp\/v2\/posts"}],"about":[{"href":"http:\/\/www.narrativaradial.com\/sitio\/wp-json\/wp\/v2\/types\/post"}],"author":[{"embeddable":true,"href":"http:\/\/www.narrativaradial.com\/sitio\/wp-json\/wp\/v2\/users\/3"}],"replies":[{"embeddable":true,"href":"http:\/\/www.narrativaradial.com\/sitio\/wp-json\/wp\/v2\/comments?post=1932"}],"version-history":[{"count":9,"href":"http:\/\/www.narrativaradial.com\/sitio\/wp-json\/wp\/v2\/posts\/1932\/revisions"}],"predecessor-version":[{"id":5410,"href":"http:\/\/www.narrativaradial.com\/sitio\/wp-json\/wp\/v2\/posts\/1932\/revisions\/5410"}],"wp:featuredmedia":[{"embeddable":true,"href":"http:\/\/www.narrativaradial.com\/sitio\/wp-json\/wp\/v2\/media\/3329"}],"wp:attachment":[{"href":"http:\/\/www.narrativaradial.com\/sitio\/wp-json\/wp\/v2\/media?parent=1932"}],"wp:term":[{"taxonomy":"category","embeddable":true,"href":"http:\/\/www.narrativaradial.com\/sitio\/wp-json\/wp\/v2\/categories?post=1932"},{"taxonomy":"post_tag","embeddable":true,"href":"http:\/\/www.narrativaradial.com\/sitio\/wp-json\/wp\/v2\/tags?post=1932"}],"curies":[{"name":"wp","href":"https:\/\/api.w.org\/{rel}","templated":true}]}}