{"id":1055,"date":"2014-01-07T19:27:19","date_gmt":"2014-01-07T22:27:19","guid":{"rendered":"http:\/\/www.narrativaradial.com\/sitio\/?p=1055"},"modified":"2018-07-06T20:32:43","modified_gmt":"2018-07-06T23:32:43","slug":"emprende-cultura-una-revista-para-los-que-generan-cultura","status":"publish","type":"post","link":"http:\/\/www.narrativaradial.com\/sitio\/emprende-cultura-una-revista-para-los-que-generan-cultura\/","title":{"rendered":"Emprende Cultura, una revista para los que generan cultura"},"content":{"rendered":"<p><a href=\"http:\/\/www.narrativaradial.com\/sitio\/wp-content\/uploads\/emprende-cultura1.jpg\"><img loading=\"lazy\" decoding=\"async\" class=\"alignnone size-full wp-image-1058\" alt=\"emprende cultura\" src=\"http:\/\/www.narrativaradial.com\/sitio\/wp-content\/uploads\/emprende-cultura1.jpg\" width=\"271\" height=\"186\" srcset=\"http:\/\/www.narrativaradial.com\/sitio\/wp-content\/uploads\/emprende-cultura1.jpg 271w, http:\/\/www.narrativaradial.com\/sitio\/wp-content\/uploads\/emprende-cultura1-250x171.jpg 250w, http:\/\/www.narrativaradial.com\/sitio\/wp-content\/uploads\/emprende-cultura1-80x55.jpg 80w, http:\/\/www.narrativaradial.com\/sitio\/wp-content\/uploads\/emprende-cultura1-75x50.jpg 75w\" sizes=\"auto, (max-width: 271px) 100vw, 271px\" \/><\/a><\/p>\n<p>Como festejo por sus ocho a\u00f1os difundiendo oportunidades, formando a gestores, y apoyando a proyectos independientes, el portal\u00a0<strong>Recursos Culturales<\/strong>\u00a0se propone dar un nuevo paso: la creaci\u00f3n de la revista digital\u00a0<strong>Emprende Cultura<\/strong>.<\/p>\n<p>El objetivo de la revista es compartir informaci\u00f3n, experiencias, herramientas, debates y propuestas, en funci\u00f3n de las necesidades de artistas, gestores, emprendedores, organizaciones y proyectos culturales.<\/p>\n<p>Los contenidos de Emprende Cultura girar\u00e1n en torno a los siguientes ejes:\u00a0<em>Arte, cultura y creatividad, Emprender y gestionar, Financiamiento cultural, Pol\u00edticas culturales, Cultura y comunidad, Industrias culturales y creativas, TICs y herramientas de internet, Nuevas tendencias, Alternativos y emergentes.<\/em><\/p>\n<p>La revista contar\u00e1 adem\u00e1s con la participaci\u00f3n de destacados referentes del sector cultural como columnistas invitados. A la fecha se encuentran confirmados\u00a0<strong>Mart\u00edn Becerra, Rodolfo Hamawi, Enrique Avogadro, Julia Montesoro, Gabriela Borgna, Stella Puente, Facundo \u00c1balo, Julio Bertolotti, Alexandra Schjelderup, Natalia Calcagno, \u00c1ngel Mestres, Germ\u00e1n Rey Beltr\u00e1n, Miriam Priotti, Luciano Borgoglio\u00a0<\/strong>y<strong>\u00a0Ra\u00fal Santana<\/strong>, entre otros.<\/p>\n<p>El proyecto est\u00e1 siendo financiado por el sistema de\u00a0<em>crowdfunding<\/em>, mediante el cual artistas, gestores, emprendedores y organizaciones pueden colaborar a trav\u00e9s de la p\u00e1gina web http:\/\/idea.me\/emprende-cultura para concretar la revista de los emprendedores culturales. Y a cambio de sus aportes, recibir desde agradecimientos hasta cursos de formaci\u00f3n para proyectos, consultor\u00edas personalizadas y espacios de publicidad en la revista y en el portal Recursos Culturales.<\/p>\n<p>Entre marzo y diciembre de 2014, la revista abordar\u00e1 mensualmente un tema central, y al finalizar ese per\u00edodo se editar\u00e1 como Anuario Emprende Cultura en formato de e-book, quedando disponible para su descarga gratuita desde Internet.<\/p>\n<p>Por \u00faltimo, cabe se\u00f1alar que todos los contenidos de Emprende Cultura estar\u00e1n bajo\u00a0<em>Licencia Creative Commons<\/em>\u00a0(es decir, se podr\u00e1n compartir, copiar y distribuir de forma libre y gratuita), y la gr\u00e1fica de tapas y contratapas surgir\u00e1 a partir de un concurso abierto para artistas emergentes.<\/p>\n<p><strong>Sobre Recursos Culturales<\/strong><\/p>\n<p>Emprende Cultura es una iniciativa de Recursos Culturales, un proyecto en marcha hace ya 8 a\u00f1os, que tiene como objetivo apoyar a artistas, gestores, emprendedores, organizaciones y proyectos culturales.<br \/>\nCon el foco puesto en los emergentes e independientes, y con la convicci\u00f3n de que vale la pena pelearla para hacer realidad los sue\u00f1os y proyectos. Porque el arte y la cultura mejoran nuestras vidas y las de nuestra comunidad.<\/p>\n<p><strong>m\u00e1s info\u00a0<a href=\"http:\/\/www.recursosculturales.com\/\">http:\/\/www.recursosculturales.com<\/a><\/strong><\/p>\n","protected":false},"excerpt":{"rendered":"<p>Como festejo por sus ocho a\u00f1os difundiendo oportunidades, formando a gestores, y apoyando a proyectos independientes, el portal\u00a0Recursos Culturales\u00a0se propone dar un nuevo paso: la creaci\u00f3n de la revista digital\u00a0Emprende Cultura. El objetivo de la revista es compartir informaci\u00f3n, experiencias, herramientas, debates y propuestas, en funci\u00f3n de las necesidades de &hellip;<\/p>\n","protected":false},"author":3,"featured_media":0,"comment_status":"closed","ping_status":"open","sticky":false,"template":"","format":"standard","meta":{"_joinchat":[],"footnotes":""},"categories":[9],"tags":[],"class_list":["post-1055","post","type-post","status-publish","format-standard","hentry","category-lo-nuevo"],"_links":{"self":[{"href":"http:\/\/www.narrativaradial.com\/sitio\/wp-json\/wp\/v2\/posts\/1055","targetHints":{"allow":["GET"]}}],"collection":[{"href":"http:\/\/www.narrativaradial.com\/sitio\/wp-json\/wp\/v2\/posts"}],"about":[{"href":"http:\/\/www.narrativaradial.com\/sitio\/wp-json\/wp\/v2\/types\/post"}],"author":[{"embeddable":true,"href":"http:\/\/www.narrativaradial.com\/sitio\/wp-json\/wp\/v2\/users\/3"}],"replies":[{"embeddable":true,"href":"http:\/\/www.narrativaradial.com\/sitio\/wp-json\/wp\/v2\/comments?post=1055"}],"version-history":[{"count":5,"href":"http:\/\/www.narrativaradial.com\/sitio\/wp-json\/wp\/v2\/posts\/1055\/revisions"}],"predecessor-version":[{"id":1062,"href":"http:\/\/www.narrativaradial.com\/sitio\/wp-json\/wp\/v2\/posts\/1055\/revisions\/1062"}],"wp:attachment":[{"href":"http:\/\/www.narrativaradial.com\/sitio\/wp-json\/wp\/v2\/media?parent=1055"}],"wp:term":[{"taxonomy":"category","embeddable":true,"href":"http:\/\/www.narrativaradial.com\/sitio\/wp-json\/wp\/v2\/categories?post=1055"},{"taxonomy":"post_tag","embeddable":true,"href":"http:\/\/www.narrativaradial.com\/sitio\/wp-json\/wp\/v2\/tags?post=1055"}],"curies":[{"name":"wp","href":"https:\/\/api.w.org\/{rel}","templated":true}]}}